{"id":1894,"date":"2020-06-10T00:22:59","date_gmt":"2020-06-10T00:22:59","guid":{"rendered":"http:\/\/localhost\/?p=1894"},"modified":"2022-02-14T23:34:01","modified_gmt":"2022-02-14T23:34:01","slug":"projekt-ukljucivanje-javnosti-u-javne-rasprave-u-postupcima-zastite-okolisa-u-pandemijskim-uvjetima","status":"publish","type":"post","link":"https:\/\/huszpo.hr\/en\/2020\/06\/10\/projekt-ukljucivanje-javnosti-u-javne-rasprave-u-postupcima-zastite-okolisa-u-pandemijskim-uvjetima\/","title":{"rendered":"Projekt: &#8216;Uklju\u010divanje javnosti u javne rasprave u postupcima za\u0161tite okoli\u0161a u pandemijskim uvjetima&#8217;"},"content":{"rendered":"<p>Sutra, 10.9.2020., se odvija prva online radionica projekta \u201eUklju\u010divanje javnosti u javne rasprave u postupcima za\u0161tite okoli\u0161a u pandemijskim uvjetima\u201c. U raspravi konzultacijskog tima projekta sudjelovat \u0107e predstavnici Ministarstva gospodarstva i odr\u017eivog razvoja, ovla\u0161tenici, nositelji zahvata za koje se radi studija utjecaja na okoli\u0161, predstavnici civilnog dru\u0161tva, pravni stru\u010dnjaci i predstavnici regionalne samouprave.<\/p>\n\n\n\n<p>Ispred na\u0161e udruge koja je partner projekta sudjelovat \u0107e predstavnici tvrtki EKO Invest d.o.o., IRES Ekologija d.o.o. i VITA projekt d.o.o. koje \u0107e svojim dugogodi\u0161njim iskustvom i stru\u010dnim radom na projektima, planovima i studijama u postupcima za\u0161tite prirode i okoli\u0161a zasigurno doprinijeti kvaliteti rasprave i iznala\u017eenju rje\u0161enja za \u0161to kvalitetnije javne rasprave u uvjetima pandemije koronavirusa.\u201c<\/p>\n\n\n\n<p>Projekt \u2018Uklju\u010divanje javnosti u javne rasprave u postupcima za\u0161tite okoli\u0161a u pandemijskim uvjetima\u2019 zapo\u010deo je s provedbom 1.6.2020. u suradnji Udruge BIOM (nositelja projekta) i Hrvatske udruge stru\u010dnjaka za\u0161tite prirode i okoli\u0161a (partnera). Glavni cilj projekta je podr\u017eati kontinuitet javnih rasprava, naro\u010dito javnog izlaganja vezanih uz glavnu ocjenu prihvatljivosti zahvata za ekolo\u0161ku mre\u017eu, procjenu utjecaja na okoli\u0161 te strate\u0161ku procjenu utjecaja na okoli\u0161 u uvjetima u kojima su jo\u0161 uvijek ograni\u010dena velika okupljanja. Osim toga, projekt \u0107e dati upute i za bolje informiranje javnosti i podr\u017eavanje javnosti u postupcima javnog savjetovanja. Projekt sufinancira Fond za aktivno gra\u0111anstvo u Hrvatskoj kao dio Europskog gospodarskog prostora i Norve\u0161kih financijskih mehanizama 2014. \u2013 2021. koje financiraju Island, Lihten\u0161tajn i Norve\u0161ka. Glavni cilj Programa na razini Europske unije jest \u201cOja\u010dano civilno dru\u0161tvo te aktivno gra\u0111anstvo i osna\u017eene ranjive skupine.\u201d<\/p>","protected":false},"excerpt":{"rendered":"<p>Sutra, 10.9.2020., se odvija prva online radionica projekta \u201eUklju\u010divanje javnosti u javne rasprave u postupcima za\u0161tite okoli\u0161a u pandemijskim uvjetima\u201c. U raspravi konzultacijskog tima projekta sudjelovat \u0107e predstavnici Ministarstva gospodarstva i odr\u017eivog razvoja, ovla\u0161tenici, nositelji zahvata za koje se radi studija utjecaja na okoli\u0161, predstavnici civilnog dru\u0161tva, pravni stru\u010dnjaci i predstavnici regionalne samouprave. Ispred na\u0161e&hellip;&nbsp;<a href=\"https:\/\/huszpo.hr\/en\/2020\/06\/10\/projekt-ukljucivanje-javnosti-u-javne-rasprave-u-postupcima-zastite-okolisa-u-pandemijskim-uvjetima\/\" rel=\"bookmark\">Read More &raquo;<span class=\"screen-reader-text\">Projekt: &#8216;Uklju\u010divanje javnosti u javne rasprave u postupcima za\u0161tite okoli\u0161a u pandemijskim uvjetima&#8217;<\/span><\/a><\/p>","protected":false},"author":2,"featured_media":1919,"comment_status":"closed","ping_status":"closed","sticky":false,"template":"","format":"standard","meta":{"_uag_custom_page_level_css":"","neve_meta_sidebar":"","neve_meta_container":"","neve_meta_enable_content_width":"","neve_meta_content_width":0,"neve_meta_title_alignment":"","neve_meta_author_avatar":"","neve_post_elements_order":"","neve_meta_disable_header":"","neve_meta_disable_footer":"","neve_meta_disable_title":"","footnotes":""},"categories":[111],"tags":[],"class_list":["post-1894","post","type-post","status-publish","format-standard","has-post-thumbnail","hentry","category-projekti-covid"],"yoast_head":"<!-- This site is optimized with the Yoast SEO plugin v27.5 - https:\/\/yoast.com\/product\/yoast-seo-wordpress\/ -->\n<title>Projekt: &#039;Uklju\u010divanje javnosti u javne rasprave u postupcima za\u0161tite okoli\u0161a u pandemijskim uvjetima&#039; - HUSZPO<\/title>\n<meta name=\"robots\" content=\"index, follow, max-snippet:-1, max-image-preview:large, max-video-preview:-1\" \/>\n<link rel=\"canonical\" href=\"https:\/\/huszpo.hr\/en\/2020\/06\/10\/projekt-ukljucivanje-javnosti-u-javne-rasprave-u-postupcima-zastite-okolisa-u-pandemijskim-uvjetima\/\" \/>\n<meta property=\"og:locale\" content=\"en_US\" \/>\n<meta property=\"og:type\" content=\"article\" \/>\n<meta property=\"og:title\" content=\"Projekt: &#039;Uklju\u010divanje javnosti u javne rasprave u postupcima za\u0161tite okoli\u0161a u pandemijskim uvjetima&#039; - HUSZPO\" \/>\n<meta property=\"og:description\" content=\"Sutra, 10.9.2020., se odvija prva online radionica projekta \u201eUklju\u010divanje javnosti u javne rasprave u postupcima za\u0161tite okoli\u0161a u pandemijskim uvjetima\u201c. U raspravi konzultacijskog tima projekta sudjelovat \u0107e predstavnici Ministarstva gospodarstva i odr\u017eivog razvoja, ovla\u0161tenici, nositelji zahvata za koje se radi studija utjecaja na okoli\u0161, predstavnici civilnog dru\u0161tva, pravni stru\u010dnjaci i predstavnici regionalne samouprave. Ispred na\u0161e&hellip;&nbsp;Read More &raquo;Projekt: &#8216;Uklju\u010divanje javnosti u javne rasprave u postupcima za\u0161tite okoli\u0161a u pandemijskim uvjetima&#8217;\" \/>\n<meta property=\"og:url\" content=\"https:\/\/huszpo.hr\/en\/2020\/06\/10\/projekt-ukljucivanje-javnosti-u-javne-rasprave-u-postupcima-zastite-okolisa-u-pandemijskim-uvjetima\/\" \/>\n<meta property=\"og:site_name\" content=\"HUSZPO\" \/>\n<meta property=\"article:publisher\" content=\"https:\/\/www.facebook.com\/HUSZPO-107221977694653\" \/>\n<meta property=\"article:published_time\" content=\"2020-06-10T00:22:59+00:00\" \/>\n<meta property=\"article:modified_time\" content=\"2022-02-14T23:34:01+00:00\" \/>\n<meta property=\"og:image\" content=\"https:\/\/huszpo.hr\/wp-content\/uploads\/2022\/02\/Logo.png\" \/>\n\t<meta property=\"og:image:width\" content=\"350\" \/>\n\t<meta property=\"og:image:height\" content=\"350\" \/>\n\t<meta property=\"og:image:type\" content=\"image\/png\" \/>\n<meta name=\"author\" content=\"Filip Kuna\" \/>\n<meta name=\"twitter:card\" content=\"summary_large_image\" \/>\n<meta name=\"twitter:creator\" content=\"@huszpo\" \/>\n<meta name=\"twitter:site\" content=\"@huszpo\" \/>\n<meta name=\"twitter:label1\" content=\"Written by\" \/>\n\t<meta name=\"twitter:data1\" content=\"Filip Kuna\" \/>\n\t<meta name=\"twitter:label2\" content=\"Est. reading time\" \/>\n\t<meta name=\"twitter:data2\" content=\"2 minutes\" \/>\n<script type=\"application\/ld+json\" class=\"yoast-schema-graph\">{\"@context\":\"https:\\\/\\\/schema.org\",\"@graph\":[{\"@type\":\"Article\",\"@id\":\"https:\\\/\\\/huszpo.hr\\\/2020\\\/06\\\/10\\\/projekt-ukljucivanje-javnosti-u-javne-rasprave-u-postupcima-zastite-okolisa-u-pandemijskim-uvjetima\\\/#article\",\"isPartOf\":{\"@id\":\"https:\\\/\\\/huszpo.hr\\\/2020\\\/06\\\/10\\\/projekt-ukljucivanje-javnosti-u-javne-rasprave-u-postupcima-zastite-okolisa-u-pandemijskim-uvjetima\\\/\"},\"author\":{\"name\":\"Filip Kuna\",\"@id\":\"https:\\\/\\\/huszpo.hr\\\/#\\\/schema\\\/person\\\/1d48cd230b220ccfad7414236739e3fc\"},\"headline\":\"Projekt: &#8216;Uklju\u010divanje javnosti u javne rasprave u postupcima za\u0161tite okoli\u0161a u pandemijskim uvjetima&#8217;\",\"datePublished\":\"2020-06-10T00:22:59+00:00\",\"dateModified\":\"2022-02-14T23:34:01+00:00\",\"mainEntityOfPage\":{\"@id\":\"https:\\\/\\\/huszpo.hr\\\/2020\\\/06\\\/10\\\/projekt-ukljucivanje-javnosti-u-javne-rasprave-u-postupcima-zastite-okolisa-u-pandemijskim-uvjetima\\\/\"},\"wordCount\":297,\"publisher\":{\"@id\":\"https:\\\/\\\/huszpo.hr\\\/#organization\"},\"image\":{\"@id\":\"https:\\\/\\\/huszpo.hr\\\/2020\\\/06\\\/10\\\/projekt-ukljucivanje-javnosti-u-javne-rasprave-u-postupcima-zastite-okolisa-u-pandemijskim-uvjetima\\\/#primaryimage\"},\"thumbnailUrl\":\"https:\\\/\\\/huszpo.hr\\\/wp-content\\\/uploads\\\/2022\\\/02\\\/Logo.png\",\"articleSection\":[\"Projekti-COVID\"],\"inLanguage\":\"en-US\"},{\"@type\":\"WebPage\",\"@id\":\"https:\\\/\\\/huszpo.hr\\\/2020\\\/06\\\/10\\\/projekt-ukljucivanje-javnosti-u-javne-rasprave-u-postupcima-zastite-okolisa-u-pandemijskim-uvjetima\\\/\",\"url\":\"https:\\\/\\\/huszpo.hr\\\/2020\\\/06\\\/10\\\/projekt-ukljucivanje-javnosti-u-javne-rasprave-u-postupcima-zastite-okolisa-u-pandemijskim-uvjetima\\\/\",\"name\":\"Projekt: 'Uklju\u010divanje javnosti u javne rasprave u postupcima za\u0161tite okoli\u0161a u pandemijskim uvjetima' - HUSZPO\",\"isPartOf\":{\"@id\":\"https:\\\/\\\/huszpo.hr\\\/#website\"},\"primaryImageOfPage\":{\"@id\":\"https:\\\/\\\/huszpo.hr\\\/2020\\\/06\\\/10\\\/projekt-ukljucivanje-javnosti-u-javne-rasprave-u-postupcima-zastite-okolisa-u-pandemijskim-uvjetima\\\/#primaryimage\"},\"image\":{\"@id\":\"https:\\\/\\\/huszpo.hr\\\/2020\\\/06\\\/10\\\/projekt-ukljucivanje-javnosti-u-javne-rasprave-u-postupcima-zastite-okolisa-u-pandemijskim-uvjetima\\\/#primaryimage\"},\"thumbnailUrl\":\"https:\\\/\\\/huszpo.hr\\\/wp-content\\\/uploads\\\/2022\\\/02\\\/Logo.png\",\"datePublished\":\"2020-06-10T00:22:59+00:00\",\"dateModified\":\"2022-02-14T23:34:01+00:00\",\"breadcrumb\":{\"@id\":\"https:\\\/\\\/huszpo.hr\\\/2020\\\/06\\\/10\\\/projekt-ukljucivanje-javnosti-u-javne-rasprave-u-postupcima-zastite-okolisa-u-pandemijskim-uvjetima\\\/#breadcrumb\"},\"inLanguage\":\"en-US\",\"potentialAction\":[{\"@type\":\"ReadAction\",\"target\":[\"https:\\\/\\\/huszpo.hr\\\/2020\\\/06\\\/10\\\/projekt-ukljucivanje-javnosti-u-javne-rasprave-u-postupcima-zastite-okolisa-u-pandemijskim-uvjetima\\\/\"]}]},{\"@type\":\"ImageObject\",\"inLanguage\":\"en-US\",\"@id\":\"https:\\\/\\\/huszpo.hr\\\/2020\\\/06\\\/10\\\/projekt-ukljucivanje-javnosti-u-javne-rasprave-u-postupcima-zastite-okolisa-u-pandemijskim-uvjetima\\\/#primaryimage\",\"url\":\"https:\\\/\\\/huszpo.hr\\\/wp-content\\\/uploads\\\/2022\\\/02\\\/Logo.png\",\"contentUrl\":\"https:\\\/\\\/huszpo.hr\\\/wp-content\\\/uploads\\\/2022\\\/02\\\/Logo.png\",\"width\":350,\"height\":350,\"caption\":\"HUSZPO\"},{\"@type\":\"BreadcrumbList\",\"@id\":\"https:\\\/\\\/huszpo.hr\\\/2020\\\/06\\\/10\\\/projekt-ukljucivanje-javnosti-u-javne-rasprave-u-postupcima-zastite-okolisa-u-pandemijskim-uvjetima\\\/#breadcrumb\",\"itemListElement\":[{\"@type\":\"ListItem\",\"position\":1,\"name\":\"Po\u010detna stranica\",\"item\":\"https:\\\/\\\/huszpo.hr\\\/\"},{\"@type\":\"ListItem\",\"position\":2,\"name\":\"Projekt: &#8216;Uklju\u010divanje javnosti u javne rasprave u postupcima za\u0161tite okoli\u0161a u pandemijskim uvjetima&#8217;\"}]},{\"@type\":\"WebSite\",\"@id\":\"https:\\\/\\\/huszpo.hr\\\/#website\",\"url\":\"https:\\\/\\\/huszpo.hr\\\/\",\"name\":\"HUSZPO\",\"description\":\"\",\"publisher\":{\"@id\":\"https:\\\/\\\/huszpo.hr\\\/#organization\"},\"potentialAction\":[{\"@type\":\"SearchAction\",\"target\":{\"@type\":\"EntryPoint\",\"urlTemplate\":\"https:\\\/\\\/huszpo.hr\\\/?s={search_term_string}\"},\"query-input\":{\"@type\":\"PropertyValueSpecification\",\"valueRequired\":true,\"valueName\":\"search_term_string\"}}],\"inLanguage\":\"en-US\"},{\"@type\":\"Organization\",\"@id\":\"https:\\\/\\\/huszpo.hr\\\/#organization\",\"name\":\"HUSZPO\",\"url\":\"https:\\\/\\\/huszpo.hr\\\/\",\"logo\":{\"@type\":\"ImageObject\",\"inLanguage\":\"en-US\",\"@id\":\"https:\\\/\\\/huszpo.hr\\\/#\\\/schema\\\/logo\\\/image\\\/\",\"url\":\"http:\\\/\\\/localhost\\\/wp-content\\\/uploads\\\/2020\\\/08\\\/vlxssa_O_400x400.jpg\",\"contentUrl\":\"http:\\\/\\\/localhost\\\/wp-content\\\/uploads\\\/2020\\\/08\\\/vlxssa_O_400x400.jpg\",\"width\":400,\"height\":400,\"caption\":\"HUSZPO\"},\"image\":{\"@id\":\"https:\\\/\\\/huszpo.hr\\\/#\\\/schema\\\/logo\\\/image\\\/\"},\"sameAs\":[\"https:\\\/\\\/www.facebook.com\\\/HUSZPO-107221977694653\",\"https:\\\/\\\/x.com\\\/huszpo\"]},{\"@type\":\"Person\",\"@id\":\"https:\\\/\\\/huszpo.hr\\\/#\\\/schema\\\/person\\\/1d48cd230b220ccfad7414236739e3fc\",\"name\":\"Filip Kuna\",\"image\":{\"@type\":\"ImageObject\",\"inLanguage\":\"en-US\",\"@id\":\"https:\\\/\\\/secure.gravatar.com\\\/avatar\\\/f3836a9a51eb95858f8d64988566dce5b5f6feac274b3ae388cf326112f1312d?s=96&d=mm&r=g\",\"url\":\"https:\\\/\\\/secure.gravatar.com\\\/avatar\\\/f3836a9a51eb95858f8d64988566dce5b5f6feac274b3ae388cf326112f1312d?s=96&d=mm&r=g\",\"contentUrl\":\"https:\\\/\\\/secure.gravatar.com\\\/avatar\\\/f3836a9a51eb95858f8d64988566dce5b5f6feac274b3ae388cf326112f1312d?s=96&d=mm&r=g\",\"caption\":\"Filip Kuna\"}}]}<\/script>\n<!-- \/ Yoast SEO plugin. -->","yoast_head_json":{"title":"Projekt: 'Uklju\u010divanje javnosti u javne rasprave u postupcima za\u0161tite okoli\u0161a u pandemijskim uvjetima' - HUSZPO","robots":{"index":"index","follow":"follow","max-snippet":"max-snippet:-1","max-image-preview":"max-image-preview:large","max-video-preview":"max-video-preview:-1"},"canonical":"https:\/\/huszpo.hr\/en\/2020\/06\/10\/projekt-ukljucivanje-javnosti-u-javne-rasprave-u-postupcima-zastite-okolisa-u-pandemijskim-uvjetima\/","og_locale":"en_US","og_type":"article","og_title":"Projekt: 'Uklju\u010divanje javnosti u javne rasprave u postupcima za\u0161tite okoli\u0161a u pandemijskim uvjetima' - HUSZPO","og_description":"Sutra, 10.9.2020., se odvija prva online radionica projekta \u201eUklju\u010divanje javnosti u javne rasprave u postupcima za\u0161tite okoli\u0161a u pandemijskim uvjetima\u201c. U raspravi konzultacijskog tima projekta sudjelovat \u0107e predstavnici Ministarstva gospodarstva i odr\u017eivog razvoja, ovla\u0161tenici, nositelji zahvata za koje se radi studija utjecaja na okoli\u0161, predstavnici civilnog dru\u0161tva, pravni stru\u010dnjaci i predstavnici regionalne samouprave. Ispred na\u0161e&hellip;&nbsp;Read More &raquo;Projekt: &#8216;Uklju\u010divanje javnosti u javne rasprave u postupcima za\u0161tite okoli\u0161a u pandemijskim uvjetima&#8217;","og_url":"https:\/\/huszpo.hr\/en\/2020\/06\/10\/projekt-ukljucivanje-javnosti-u-javne-rasprave-u-postupcima-zastite-okolisa-u-pandemijskim-uvjetima\/","og_site_name":"HUSZPO","article_publisher":"https:\/\/www.facebook.com\/HUSZPO-107221977694653","article_published_time":"2020-06-10T00:22:59+00:00","article_modified_time":"2022-02-14T23:34:01+00:00","og_image":[{"width":350,"height":350,"url":"https:\/\/huszpo.hr\/wp-content\/uploads\/2022\/02\/Logo.png","type":"image\/png"}],"author":"Filip Kuna","twitter_card":"summary_large_image","twitter_creator":"@huszpo","twitter_site":"@huszpo","twitter_misc":{"Written by":"Filip Kuna","Est. reading time":"2 minutes"},"schema":{"@context":"https:\/\/schema.org","@graph":[{"@type":"Article","@id":"https:\/\/huszpo.hr\/2020\/06\/10\/projekt-ukljucivanje-javnosti-u-javne-rasprave-u-postupcima-zastite-okolisa-u-pandemijskim-uvjetima\/#article","isPartOf":{"@id":"https:\/\/huszpo.hr\/2020\/06\/10\/projekt-ukljucivanje-javnosti-u-javne-rasprave-u-postupcima-zastite-okolisa-u-pandemijskim-uvjetima\/"},"author":{"name":"Filip Kuna","@id":"https:\/\/huszpo.hr\/#\/schema\/person\/1d48cd230b220ccfad7414236739e3fc"},"headline":"Projekt: &#8216;Uklju\u010divanje javnosti u javne rasprave u postupcima za\u0161tite okoli\u0161a u pandemijskim uvjetima&#8217;","datePublished":"2020-06-10T00:22:59+00:00","dateModified":"2022-02-14T23:34:01+00:00","mainEntityOfPage":{"@id":"https:\/\/huszpo.hr\/2020\/06\/10\/projekt-ukljucivanje-javnosti-u-javne-rasprave-u-postupcima-zastite-okolisa-u-pandemijskim-uvjetima\/"},"wordCount":297,"publisher":{"@id":"https:\/\/huszpo.hr\/#organization"},"image":{"@id":"https:\/\/huszpo.hr\/2020\/06\/10\/projekt-ukljucivanje-javnosti-u-javne-rasprave-u-postupcima-zastite-okolisa-u-pandemijskim-uvjetima\/#primaryimage"},"thumbnailUrl":"https:\/\/huszpo.hr\/wp-content\/uploads\/2022\/02\/Logo.png","articleSection":["Projekti-COVID"],"inLanguage":"en-US"},{"@type":"WebPage","@id":"https:\/\/huszpo.hr\/2020\/06\/10\/projekt-ukljucivanje-javnosti-u-javne-rasprave-u-postupcima-zastite-okolisa-u-pandemijskim-uvjetima\/","url":"https:\/\/huszpo.hr\/2020\/06\/10\/projekt-ukljucivanje-javnosti-u-javne-rasprave-u-postupcima-zastite-okolisa-u-pandemijskim-uvjetima\/","name":"Projekt: 'Uklju\u010divanje javnosti u javne rasprave u postupcima za\u0161tite okoli\u0161a u pandemijskim uvjetima' - HUSZPO","isPartOf":{"@id":"https:\/\/huszpo.hr\/#website"},"primaryImageOfPage":{"@id":"https:\/\/huszpo.hr\/2020\/06\/10\/projekt-ukljucivanje-javnosti-u-javne-rasprave-u-postupcima-zastite-okolisa-u-pandemijskim-uvjetima\/#primaryimage"},"image":{"@id":"https:\/\/huszpo.hr\/2020\/06\/10\/projekt-ukljucivanje-javnosti-u-javne-rasprave-u-postupcima-zastite-okolisa-u-pandemijskim-uvjetima\/#primaryimage"},"thumbnailUrl":"https:\/\/huszpo.hr\/wp-content\/uploads\/2022\/02\/Logo.png","datePublished":"2020-06-10T00:22:59+00:00","dateModified":"2022-02-14T23:34:01+00:00","breadcrumb":{"@id":"https:\/\/huszpo.hr\/2020\/06\/10\/projekt-ukljucivanje-javnosti-u-javne-rasprave-u-postupcima-zastite-okolisa-u-pandemijskim-uvjetima\/#breadcrumb"},"inLanguage":"en-US","potentialAction":[{"@type":"ReadAction","target":["https:\/\/huszpo.hr\/2020\/06\/10\/projekt-ukljucivanje-javnosti-u-javne-rasprave-u-postupcima-zastite-okolisa-u-pandemijskim-uvjetima\/"]}]},{"@type":"ImageObject","inLanguage":"en-US","@id":"https:\/\/huszpo.hr\/2020\/06\/10\/projekt-ukljucivanje-javnosti-u-javne-rasprave-u-postupcima-zastite-okolisa-u-pandemijskim-uvjetima\/#primaryimage","url":"https:\/\/huszpo.hr\/wp-content\/uploads\/2022\/02\/Logo.png","contentUrl":"https:\/\/huszpo.hr\/wp-content\/uploads\/2022\/02\/Logo.png","width":350,"height":350,"caption":"HUSZPO"},{"@type":"BreadcrumbList","@id":"https:\/\/huszpo.hr\/2020\/06\/10\/projekt-ukljucivanje-javnosti-u-javne-rasprave-u-postupcima-zastite-okolisa-u-pandemijskim-uvjetima\/#breadcrumb","itemListElement":[{"@type":"ListItem","position":1,"name":"Po\u010detna stranica","item":"https:\/\/huszpo.hr\/"},{"@type":"ListItem","position":2,"name":"Projekt: &#8216;Uklju\u010divanje javnosti u javne rasprave u postupcima za\u0161tite okoli\u0161a u pandemijskim uvjetima&#8217;"}]},{"@type":"WebSite","@id":"https:\/\/huszpo.hr\/#website","url":"https:\/\/huszpo.hr\/","name":"HUSZPO","description":"","publisher":{"@id":"https:\/\/huszpo.hr\/#organization"},"potentialAction":[{"@type":"SearchAction","target":{"@type":"EntryPoint","urlTemplate":"https:\/\/huszpo.hr\/?s={search_term_string}"},"query-input":{"@type":"PropertyValueSpecification","valueRequired":true,"valueName":"search_term_string"}}],"inLanguage":"en-US"},{"@type":"Organization","@id":"https:\/\/huszpo.hr\/#organization","name":"HUSZPO","url":"https:\/\/huszpo.hr\/","logo":{"@type":"ImageObject","inLanguage":"en-US","@id":"https:\/\/huszpo.hr\/#\/schema\/logo\/image\/","url":"http:\/\/localhost\/wp-content\/uploads\/2020\/08\/vlxssa_O_400x400.jpg","contentUrl":"http:\/\/localhost\/wp-content\/uploads\/2020\/08\/vlxssa_O_400x400.jpg","width":400,"height":400,"caption":"HUSZPO"},"image":{"@id":"https:\/\/huszpo.hr\/#\/schema\/logo\/image\/"},"sameAs":["https:\/\/www.facebook.com\/HUSZPO-107221977694653","https:\/\/x.com\/huszpo"]},{"@type":"Person","@id":"https:\/\/huszpo.hr\/#\/schema\/person\/1d48cd230b220ccfad7414236739e3fc","name":"Filip Kuna","image":{"@type":"ImageObject","inLanguage":"en-US","@id":"https:\/\/secure.gravatar.com\/avatar\/f3836a9a51eb95858f8d64988566dce5b5f6feac274b3ae388cf326112f1312d?s=96&d=mm&r=g","url":"https:\/\/secure.gravatar.com\/avatar\/f3836a9a51eb95858f8d64988566dce5b5f6feac274b3ae388cf326112f1312d?s=96&d=mm&r=g","contentUrl":"https:\/\/secure.gravatar.com\/avatar\/f3836a9a51eb95858f8d64988566dce5b5f6feac274b3ae388cf326112f1312d?s=96&d=mm&r=g","caption":"Filip Kuna"}}]}},"uagb_featured_image_src":{"full":["https:\/\/huszpo.hr\/wp-content\/uploads\/2022\/02\/Logo.png",350,350,false],"thumbnail":["https:\/\/huszpo.hr\/wp-content\/uploads\/2022\/02\/Logo-150x150.png",150,150,true],"medium":["https:\/\/huszpo.hr\/wp-content\/uploads\/2022\/02\/Logo-300x300.png",300,300,true],"medium_large":["https:\/\/huszpo.hr\/wp-content\/uploads\/2022\/02\/Logo.png",350,350,false],"large":["https:\/\/huszpo.hr\/wp-content\/uploads\/2022\/02\/Logo.png",350,350,false],"xl":["https:\/\/huszpo.hr\/wp-content\/uploads\/2022\/02\/Logo.png",350,350,false],"xxl":["https:\/\/huszpo.hr\/wp-content\/uploads\/2022\/02\/Logo.png",350,350,false],"xxxl":["https:\/\/huszpo.hr\/wp-content\/uploads\/2022\/02\/Logo.png",350,350,false],"xxxxl":["https:\/\/huszpo.hr\/wp-content\/uploads\/2022\/02\/Logo.png",350,350,false],"xxxxxl":["https:\/\/huszpo.hr\/wp-content\/uploads\/2022\/02\/Logo.png",350,350,false],"1536x1536":["https:\/\/huszpo.hr\/wp-content\/uploads\/2022\/02\/Logo.png",350,350,false],"2048x2048":["https:\/\/huszpo.hr\/wp-content\/uploads\/2022\/02\/Logo.png",350,350,false],"trp-custom-language-flag":["https:\/\/huszpo.hr\/wp-content\/uploads\/2022\/02\/Logo.png",12,12,false],"neve-blog":["https:\/\/huszpo.hr\/wp-content\/uploads\/2022\/02\/Logo.png",350,350,false]},"uagb_author_info":{"display_name":"Filip Kuna","author_link":"https:\/\/huszpo.hr\/en\/author\/filip1kuna2\/"},"uagb_comment_info":0,"uagb_excerpt":"Sutra, 10.9.2020., se odvija prva online radionica projekta \u201eUklju\u010divanje javnosti u javne rasprave u postupcima za\u0161tite okoli\u0161a u pandemijskim uvjetima\u201c. U raspravi konzultacijskog tima projekta sudjelovat \u0107e predstavnici Ministarstva gospodarstva i odr\u017eivog razvoja, ovla\u0161tenici, nositelji zahvata za koje se radi studija utjecaja na okoli\u0161, predstavnici civilnog dru\u0161tva, pravni stru\u010dnjaci i predstavnici regionalne samouprave. Ispred na\u0161e&hellip;&nbsp;Read&hellip;","_links":{"self":[{"href":"https:\/\/huszpo.hr\/en\/wp-json\/wp\/v2\/posts\/1894","targetHints":{"allow":["GET"]}}],"collection":[{"href":"https:\/\/huszpo.hr\/en\/wp-json\/wp\/v2\/posts"}],"about":[{"href":"https:\/\/huszpo.hr\/en\/wp-json\/wp\/v2\/types\/post"}],"author":[{"embeddable":true,"href":"https:\/\/huszpo.hr\/en\/wp-json\/wp\/v2\/users\/2"}],"replies":[{"embeddable":true,"href":"https:\/\/huszpo.hr\/en\/wp-json\/wp\/v2\/comments?post=1894"}],"version-history":[{"count":1,"href":"https:\/\/huszpo.hr\/en\/wp-json\/wp\/v2\/posts\/1894\/revisions"}],"predecessor-version":[{"id":1896,"href":"https:\/\/huszpo.hr\/en\/wp-json\/wp\/v2\/posts\/1894\/revisions\/1896"}],"wp:featuredmedia":[{"embeddable":true,"href":"https:\/\/huszpo.hr\/en\/wp-json\/wp\/v2\/media\/1919"}],"wp:attachment":[{"href":"https:\/\/huszpo.hr\/en\/wp-json\/wp\/v2\/media?parent=1894"}],"wp:term":[{"taxonomy":"category","embeddable":true,"href":"https:\/\/huszpo.hr\/en\/wp-json\/wp\/v2\/categories?post=1894"},{"taxonomy":"post_tag","embeddable":true,"href":"https:\/\/huszpo.hr\/en\/wp-json\/wp\/v2\/tags?post=1894"}],"curies":[{"name":"wp","href":"https:\/\/api.w.org\/{rel}","templated":true}]}}