{"id":2211,"date":"2021-05-31T00:00:42","date_gmt":"2021-05-31T00:00:42","guid":{"rendered":"http:\/\/localhost\/?p=2211"},"modified":"2022-02-14T21:48:21","modified_gmt":"2022-02-14T21:48:21","slug":"nuzno-je-aktivnije-ukljucivanje-javnosti-u-javne-rasprave-u-postupcima-zastite-okolisa-neovisno-o-pandemijskim-uvjetima","status":"publish","type":"post","link":"https:\/\/huszpo.hr\/en\/2021\/05\/31\/nuzno-je-aktivnije-ukljucivanje-javnosti-u-javne-rasprave-u-postupcima-zastite-okolisa-neovisno-o-pandemijskim-uvjetima\/","title":{"rendered":"It is necessary to engage the public more actively in environmental public hearing procedures regardless of pandemic conditions"},"content":{"rendered":"<p>Jedno od glavnih postignu\u0107a projekta&nbsp;<strong>\u201e<em>Uklju\u010divanje javnosti u javne rasprave u postupcima za\u0161tite okoli\u0161a u pandemijskim uvjetima<\/em>\u201c<\/strong>, koji je trajao od 01.06. do 30.11.2020. godine je formiranje konzultacijskog tima kroz koji smo okupili sve relevantne dionike procesa uklju\u010divanja javnosti u javne rasprave, a koji su kroz projekt djelovali kao zajednica usmjerena na rje\u0161avanje prepoznatih problema kroz suradnju, dijalog i kompromis. Konzultacijski tim sastojao se od udruga civilnog dru\u0161tva, ovla\u0161tenika, investitora, tijela regionalne samouprave te Ministarstva gospodarstva i odr\u017eivog razvoja (MINGOR). Kroz 3 online radionice, s konzultacijskim timom i dionicima sastavljen je nacrt Smjernica za uklju\u010divanje javnosti u javne rasprave u postupcima za\u0161tite okoli\u0161a u pandemijskim uvjetima.<\/p>\n\n\n\n<p>Kona\u010dna verzija Smjernica, sastavljena nakon provedenih radionica, uklju\u010duje i prilog s dosad objavljenom literaturom i preporukama koje nadilaze pandemijske uvjete, ali su neophodne za adekvatno uklju\u010divanje javnosti u javne rasprave, \u0161to uklju\u010duje preporuke vezane za transparentno uklju\u010divanje i pobolj\u0161anje sudjelovanja javnosti u javnim raspravama, te prijedloge za izradu nove Uredbe o informiranju i sudjelovanju javnosti i zainteresirane javnosti.<\/p>\n\n\n\n<p>Kroz radionice, dionici su me\u0111usobno osvijestili razmjer problema uklju\u010divanja javnosti u novonastalim uvjetima, ali i \u010dinjenice da ova promjena situacije predstavlja samo jo\u0161 jedan u nizu izazova vezanih za adekvatno uklju\u010divanje javnosti u javne rasprave, \u0161to se u praksi \u010desto razlikuje od propisanih normi, s \u010dime se ve\u0107ina dionika susrela. Naime, \u010dlanovi konzultacijskog time te dionici online radionica ve\u0107inom su se slo\u017eili da je, uz izazove koje je prouzro\u010dila pandemija, neophodno temeljno unaprijediti i trenutno neadekvatan sustav za informiranje javnosti i omogu\u0107iti njeno efikasnije sudjelovanje na javnim uvidima i javnim izlaganjima, te pobolj\u0161ati postoje\u0107i pravni okvir za provedbu javne rasprave. U cilju pobolj\u0161anja vezanih za pandemijske uvjete, naglasak je stavljen na ve\u0107u vidljivost informacija putem weba, alternativnim na\u010dinima informiranja te dostupnosti javnih izlaganja ve\u0107em broju zainteresiranih putem digitalnih prijenosa.<\/p>\n\n\n\n<p>Tako\u0111er, pokazalo se da je problematika uklju\u010divanja javnosti u javne rasprave ve\u0107 niz godina aktualno pitanje koje je adresirano kroz niz projekata te su nastale upute, prijedlozi i priru\u010dnik koji omogu\u0107uju rje\u0161avanje razli\u010ditih aspekata ove problematike. Dijelove navedenih materijala, koje smo smatrali relevantnim za aktualni projekt, okupili smo u dokument koji je prilog Smjernicama. Kako ve\u0107ina prepoznatih problema do danas nije adekvatno rije\u0161ena, rezultati ovog projekta mogu poslu\u017eiti i kao pregled problematike uklju\u010divanja javnosti u javne rasprave u za\u0161titi okoli\u0161a, te omogu\u0107iti lak\u0161i pronalazak adekvatnih rje\u0161enja u skoroj budu\u0107nosti.<\/p>\n\n\n\n<p>Me\u0111utim, iako je konzultacijski tim bio iznimno slo\u017ean kod prepoznavanja aktualnih problema i mogu\u0107ih rje\u0161enja, ipak nije bilo mogu\u0107e posti\u0107i konsenzus. Naime, projektom je bilo predvi\u0111eno odobrenje kona\u010dne verzije Smjernica od strane Ministarstva gospodarstva i odr\u017eivog razvoja, kao krovnog tijela odgovornog za ovu problematiku. Me\u0111utim, iako je Ministarstvo bilo dio konzultacijskog tima, sudjelovali su samo na prvoj radionici, nakon koje su se o\u010ditovali da sadr\u017eaj nacrta smjernica izlazi iz fokusa projekta jer smjernice nisu isklju\u010divo vezane za pandemijske uvjete. Stoga su u Ministarstvu jasno dali do znanja da ih kao takve ne namjeravaju prihvatiti. Usprkos vi\u0161e poku\u0161aja rje\u0161avanja problema kroz konstruktivni dijalog, Ministarstvo je odbilo prihvatiti dokument.<\/p>\n\n\n\n<p>Ostaje nada da \u0107e pritisak i stru\u010dne i \u0161ire javnosti doprinijeti tome da Ministarstvo prepozna va\u017enost ove teme i uklju\u010di se u njeno rje\u0161avanje. A do tada se nadamo da \u0107e svim drugima sudionicima u procesima javne rasprave ove Smjernice pomo\u0107i u razumijevanju problematike i dati uvid u predlo\u017eena rje\u0161enja.<\/p>","protected":false},"excerpt":{"rendered":"<p>Jedno od glavnih postignu\u0107a projekta&nbsp;\u201eUklju\u010divanje javnosti u javne rasprave u postupcima za\u0161tite okoli\u0161a u pandemijskim uvjetima\u201c, koji je trajao od 01.06. do 30.11.2020. godine je formiranje konzultacijskog tima kroz koji smo okupili sve relevantne dionike procesa uklju\u010divanja javnosti u javne rasprave, a koji su kroz projekt djelovali kao zajednica usmjerena na rje\u0161avanje prepoznatih problema kroz&hellip;&nbsp;<a href=\"https:\/\/huszpo.hr\/en\/2021\/05\/31\/nuzno-je-aktivnije-ukljucivanje-javnosti-u-javne-rasprave-u-postupcima-zastite-okolisa-neovisno-o-pandemijskim-uvjetima\/\" rel=\"bookmark\">Read More &raquo;<span class=\"screen-reader-text\">It is necessary to engage the public more actively in environmental public hearing procedures regardless of pandemic conditions<\/span><\/a><\/p>","protected":false},"author":2,"featured_media":1919,"comment_status":"closed","ping_status":"closed","sticky":false,"template":"","format":"standard","meta":{"_uag_custom_page_level_css":"","neve_meta_sidebar":"","neve_meta_container":"","neve_meta_enable_content_width":"","neve_meta_content_width":0,"neve_meta_title_alignment":"","neve_meta_author_avatar":"","neve_post_elements_order":"","neve_meta_disable_header":"","neve_meta_disable_footer":"","neve_meta_disable_title":"","footnotes":""},"categories":[111],"tags":[],"class_list":["post-2211","post","type-post","status-publish","format-standard","has-post-thumbnail","hentry","category-projekti-covid"],"yoast_head":"<!-- This site is optimized with the Yoast SEO plugin v27.5 - https:\/\/yoast.com\/product\/yoast-seo-wordpress\/ -->\n<title>Nu\u017eno je aktivnije uklju\u010divanje javnosti u javne rasprave u postupcima za\u0161tite okoli\u0161a neovisno o pandemijskim uvjetima - HUSZPO<\/title>\n<meta name=\"robots\" content=\"index, follow, max-snippet:-1, max-image-preview:large, max-video-preview:-1\" \/>\n<link rel=\"canonical\" href=\"https:\/\/huszpo.hr\/en\/2021\/05\/31\/nuzno-je-aktivnije-ukljucivanje-javnosti-u-javne-rasprave-u-postupcima-zastite-okolisa-neovisno-o-pandemijskim-uvjetima\/\" \/>\n<meta property=\"og:locale\" content=\"en_US\" \/>\n<meta property=\"og:type\" content=\"article\" \/>\n<meta property=\"og:title\" content=\"Nu\u017eno je aktivnije uklju\u010divanje javnosti u javne rasprave u postupcima za\u0161tite okoli\u0161a neovisno o pandemijskim uvjetima - HUSZPO\" \/>\n<meta property=\"og:description\" content=\"Jedno od glavnih postignu\u0107a projekta&nbsp;\u201eUklju\u010divanje javnosti u javne rasprave u postupcima za\u0161tite okoli\u0161a u pandemijskim uvjetima\u201c, koji je trajao od 01.06. do 30.11.2020. godine je formiranje konzultacijskog tima kroz koji smo okupili sve relevantne dionike procesa uklju\u010divanja javnosti u javne rasprave, a koji su kroz projekt djelovali kao zajednica usmjerena na rje\u0161avanje prepoznatih problema kroz&hellip;&nbsp;Read More &raquo;Nu\u017eno je aktivnije uklju\u010divanje javnosti u javne rasprave u postupcima za\u0161tite okoli\u0161a neovisno o pandemijskim uvjetima\" \/>\n<meta property=\"og:url\" content=\"https:\/\/huszpo.hr\/en\/2021\/05\/31\/nuzno-je-aktivnije-ukljucivanje-javnosti-u-javne-rasprave-u-postupcima-zastite-okolisa-neovisno-o-pandemijskim-uvjetima\/\" \/>\n<meta property=\"og:site_name\" content=\"HUSZPO\" \/>\n<meta property=\"article:publisher\" content=\"https:\/\/www.facebook.com\/HUSZPO-107221977694653\" \/>\n<meta property=\"article:published_time\" content=\"2021-05-31T00:00:42+00:00\" \/>\n<meta property=\"article:modified_time\" content=\"2022-02-14T21:48:21+00:00\" \/>\n<meta property=\"og:image\" content=\"https:\/\/huszpo.hr\/wp-content\/uploads\/2022\/02\/Logo.png\" \/>\n\t<meta property=\"og:image:width\" content=\"350\" \/>\n\t<meta property=\"og:image:height\" content=\"350\" \/>\n\t<meta property=\"og:image:type\" content=\"image\/png\" \/>\n<meta name=\"author\" content=\"Filip Kuna\" \/>\n<meta name=\"twitter:card\" content=\"summary_large_image\" \/>\n<meta name=\"twitter:creator\" content=\"@huszpo\" \/>\n<meta name=\"twitter:site\" content=\"@huszpo\" \/>\n<meta name=\"twitter:label1\" content=\"Written by\" \/>\n\t<meta name=\"twitter:data1\" content=\"Filip Kuna\" \/>\n\t<meta name=\"twitter:label2\" content=\"Est. reading time\" \/>\n\t<meta name=\"twitter:data2\" content=\"3 minutes\" \/>\n<script type=\"application\/ld+json\" class=\"yoast-schema-graph\">{\"@context\":\"https:\\\/\\\/schema.org\",\"@graph\":[{\"@type\":\"Article\",\"@id\":\"https:\\\/\\\/huszpo.hr\\\/2021\\\/05\\\/31\\\/nuzno-je-aktivnije-ukljucivanje-javnosti-u-javne-rasprave-u-postupcima-zastite-okolisa-neovisno-o-pandemijskim-uvjetima\\\/#article\",\"isPartOf\":{\"@id\":\"https:\\\/\\\/huszpo.hr\\\/2021\\\/05\\\/31\\\/nuzno-je-aktivnije-ukljucivanje-javnosti-u-javne-rasprave-u-postupcima-zastite-okolisa-neovisno-o-pandemijskim-uvjetima\\\/\"},\"author\":{\"name\":\"Filip Kuna\",\"@id\":\"https:\\\/\\\/huszpo.hr\\\/#\\\/schema\\\/person\\\/1d48cd230b220ccfad7414236739e3fc\"},\"headline\":\"Nu\u017eno je aktivnije uklju\u010divanje javnosti u javne rasprave u postupcima za\u0161tite okoli\u0161a neovisno o pandemijskim uvjetima\",\"datePublished\":\"2021-05-31T00:00:42+00:00\",\"dateModified\":\"2022-02-14T21:48:21+00:00\",\"mainEntityOfPage\":{\"@id\":\"https:\\\/\\\/huszpo.hr\\\/2021\\\/05\\\/31\\\/nuzno-je-aktivnije-ukljucivanje-javnosti-u-javne-rasprave-u-postupcima-zastite-okolisa-neovisno-o-pandemijskim-uvjetima\\\/\"},\"wordCount\":628,\"publisher\":{\"@id\":\"https:\\\/\\\/huszpo.hr\\\/#organization\"},\"image\":{\"@id\":\"https:\\\/\\\/huszpo.hr\\\/2021\\\/05\\\/31\\\/nuzno-je-aktivnije-ukljucivanje-javnosti-u-javne-rasprave-u-postupcima-zastite-okolisa-neovisno-o-pandemijskim-uvjetima\\\/#primaryimage\"},\"thumbnailUrl\":\"https:\\\/\\\/huszpo.hr\\\/wp-content\\\/uploads\\\/2022\\\/02\\\/Logo.png\",\"articleSection\":[\"Projekti-COVID\"],\"inLanguage\":\"en-US\"},{\"@type\":\"WebPage\",\"@id\":\"https:\\\/\\\/huszpo.hr\\\/2021\\\/05\\\/31\\\/nuzno-je-aktivnije-ukljucivanje-javnosti-u-javne-rasprave-u-postupcima-zastite-okolisa-neovisno-o-pandemijskim-uvjetima\\\/\",\"url\":\"https:\\\/\\\/huszpo.hr\\\/2021\\\/05\\\/31\\\/nuzno-je-aktivnije-ukljucivanje-javnosti-u-javne-rasprave-u-postupcima-zastite-okolisa-neovisno-o-pandemijskim-uvjetima\\\/\",\"name\":\"Nu\u017eno je aktivnije uklju\u010divanje javnosti u javne rasprave u postupcima za\u0161tite okoli\u0161a neovisno o pandemijskim uvjetima - HUSZPO\",\"isPartOf\":{\"@id\":\"https:\\\/\\\/huszpo.hr\\\/#website\"},\"primaryImageOfPage\":{\"@id\":\"https:\\\/\\\/huszpo.hr\\\/2021\\\/05\\\/31\\\/nuzno-je-aktivnije-ukljucivanje-javnosti-u-javne-rasprave-u-postupcima-zastite-okolisa-neovisno-o-pandemijskim-uvjetima\\\/#primaryimage\"},\"image\":{\"@id\":\"https:\\\/\\\/huszpo.hr\\\/2021\\\/05\\\/31\\\/nuzno-je-aktivnije-ukljucivanje-javnosti-u-javne-rasprave-u-postupcima-zastite-okolisa-neovisno-o-pandemijskim-uvjetima\\\/#primaryimage\"},\"thumbnailUrl\":\"https:\\\/\\\/huszpo.hr\\\/wp-content\\\/uploads\\\/2022\\\/02\\\/Logo.png\",\"datePublished\":\"2021-05-31T00:00:42+00:00\",\"dateModified\":\"2022-02-14T21:48:21+00:00\",\"breadcrumb\":{\"@id\":\"https:\\\/\\\/huszpo.hr\\\/2021\\\/05\\\/31\\\/nuzno-je-aktivnije-ukljucivanje-javnosti-u-javne-rasprave-u-postupcima-zastite-okolisa-neovisno-o-pandemijskim-uvjetima\\\/#breadcrumb\"},\"inLanguage\":\"en-US\",\"potentialAction\":[{\"@type\":\"ReadAction\",\"target\":[\"https:\\\/\\\/huszpo.hr\\\/2021\\\/05\\\/31\\\/nuzno-je-aktivnije-ukljucivanje-javnosti-u-javne-rasprave-u-postupcima-zastite-okolisa-neovisno-o-pandemijskim-uvjetima\\\/\"]}]},{\"@type\":\"ImageObject\",\"inLanguage\":\"en-US\",\"@id\":\"https:\\\/\\\/huszpo.hr\\\/2021\\\/05\\\/31\\\/nuzno-je-aktivnije-ukljucivanje-javnosti-u-javne-rasprave-u-postupcima-zastite-okolisa-neovisno-o-pandemijskim-uvjetima\\\/#primaryimage\",\"url\":\"https:\\\/\\\/huszpo.hr\\\/wp-content\\\/uploads\\\/2022\\\/02\\\/Logo.png\",\"contentUrl\":\"https:\\\/\\\/huszpo.hr\\\/wp-content\\\/uploads\\\/2022\\\/02\\\/Logo.png\",\"width\":350,\"height\":350,\"caption\":\"HUSZPO\"},{\"@type\":\"BreadcrumbList\",\"@id\":\"https:\\\/\\\/huszpo.hr\\\/2021\\\/05\\\/31\\\/nuzno-je-aktivnije-ukljucivanje-javnosti-u-javne-rasprave-u-postupcima-zastite-okolisa-neovisno-o-pandemijskim-uvjetima\\\/#breadcrumb\",\"itemListElement\":[{\"@type\":\"ListItem\",\"position\":1,\"name\":\"Po\u010detna stranica\",\"item\":\"https:\\\/\\\/huszpo.hr\\\/\"},{\"@type\":\"ListItem\",\"position\":2,\"name\":\"Nu\u017eno je aktivnije uklju\u010divanje javnosti u javne rasprave u postupcima za\u0161tite okoli\u0161a neovisno o pandemijskim uvjetima\"}]},{\"@type\":\"WebSite\",\"@id\":\"https:\\\/\\\/huszpo.hr\\\/#website\",\"url\":\"https:\\\/\\\/huszpo.hr\\\/\",\"name\":\"HUSZPO\",\"description\":\"\",\"publisher\":{\"@id\":\"https:\\\/\\\/huszpo.hr\\\/#organization\"},\"potentialAction\":[{\"@type\":\"SearchAction\",\"target\":{\"@type\":\"EntryPoint\",\"urlTemplate\":\"https:\\\/\\\/huszpo.hr\\\/?s={search_term_string}\"},\"query-input\":{\"@type\":\"PropertyValueSpecification\",\"valueRequired\":true,\"valueName\":\"search_term_string\"}}],\"inLanguage\":\"en-US\"},{\"@type\":\"Organization\",\"@id\":\"https:\\\/\\\/huszpo.hr\\\/#organization\",\"name\":\"HUSZPO\",\"url\":\"https:\\\/\\\/huszpo.hr\\\/\",\"logo\":{\"@type\":\"ImageObject\",\"inLanguage\":\"en-US\",\"@id\":\"https:\\\/\\\/huszpo.hr\\\/#\\\/schema\\\/logo\\\/image\\\/\",\"url\":\"http:\\\/\\\/localhost\\\/wp-content\\\/uploads\\\/2020\\\/08\\\/vlxssa_O_400x400.jpg\",\"contentUrl\":\"http:\\\/\\\/localhost\\\/wp-content\\\/uploads\\\/2020\\\/08\\\/vlxssa_O_400x400.jpg\",\"width\":400,\"height\":400,\"caption\":\"HUSZPO\"},\"image\":{\"@id\":\"https:\\\/\\\/huszpo.hr\\\/#\\\/schema\\\/logo\\\/image\\\/\"},\"sameAs\":[\"https:\\\/\\\/www.facebook.com\\\/HUSZPO-107221977694653\",\"https:\\\/\\\/x.com\\\/huszpo\"]},{\"@type\":\"Person\",\"@id\":\"https:\\\/\\\/huszpo.hr\\\/#\\\/schema\\\/person\\\/1d48cd230b220ccfad7414236739e3fc\",\"name\":\"Filip Kuna\",\"image\":{\"@type\":\"ImageObject\",\"inLanguage\":\"en-US\",\"@id\":\"https:\\\/\\\/secure.gravatar.com\\\/avatar\\\/f3836a9a51eb95858f8d64988566dce5b5f6feac274b3ae388cf326112f1312d?s=96&d=mm&r=g\",\"url\":\"https:\\\/\\\/secure.gravatar.com\\\/avatar\\\/f3836a9a51eb95858f8d64988566dce5b5f6feac274b3ae388cf326112f1312d?s=96&d=mm&r=g\",\"contentUrl\":\"https:\\\/\\\/secure.gravatar.com\\\/avatar\\\/f3836a9a51eb95858f8d64988566dce5b5f6feac274b3ae388cf326112f1312d?s=96&d=mm&r=g\",\"caption\":\"Filip Kuna\"}}]}<\/script>\n<!-- \/ Yoast SEO plugin. -->","yoast_head_json":{"title":"Nu\u017eno je aktivnije uklju\u010divanje javnosti u javne rasprave u postupcima za\u0161tite okoli\u0161a neovisno o pandemijskim uvjetima - HUSZPO","robots":{"index":"index","follow":"follow","max-snippet":"max-snippet:-1","max-image-preview":"max-image-preview:large","max-video-preview":"max-video-preview:-1"},"canonical":"https:\/\/huszpo.hr\/en\/2021\/05\/31\/nuzno-je-aktivnije-ukljucivanje-javnosti-u-javne-rasprave-u-postupcima-zastite-okolisa-neovisno-o-pandemijskim-uvjetima\/","og_locale":"en_US","og_type":"article","og_title":"Nu\u017eno je aktivnije uklju\u010divanje javnosti u javne rasprave u postupcima za\u0161tite okoli\u0161a neovisno o pandemijskim uvjetima - HUSZPO","og_description":"Jedno od glavnih postignu\u0107a projekta&nbsp;\u201eUklju\u010divanje javnosti u javne rasprave u postupcima za\u0161tite okoli\u0161a u pandemijskim uvjetima\u201c, koji je trajao od 01.06. do 30.11.2020. godine je formiranje konzultacijskog tima kroz koji smo okupili sve relevantne dionike procesa uklju\u010divanja javnosti u javne rasprave, a koji su kroz projekt djelovali kao zajednica usmjerena na rje\u0161avanje prepoznatih problema kroz&hellip;&nbsp;Read More &raquo;Nu\u017eno je aktivnije uklju\u010divanje javnosti u javne rasprave u postupcima za\u0161tite okoli\u0161a neovisno o pandemijskim uvjetima","og_url":"https:\/\/huszpo.hr\/en\/2021\/05\/31\/nuzno-je-aktivnije-ukljucivanje-javnosti-u-javne-rasprave-u-postupcima-zastite-okolisa-neovisno-o-pandemijskim-uvjetima\/","og_site_name":"HUSZPO","article_publisher":"https:\/\/www.facebook.com\/HUSZPO-107221977694653","article_published_time":"2021-05-31T00:00:42+00:00","article_modified_time":"2022-02-14T21:48:21+00:00","og_image":[{"width":350,"height":350,"url":"https:\/\/huszpo.hr\/wp-content\/uploads\/2022\/02\/Logo.png","type":"image\/png"}],"author":"Filip Kuna","twitter_card":"summary_large_image","twitter_creator":"@huszpo","twitter_site":"@huszpo","twitter_misc":{"Written by":"Filip Kuna","Est. reading time":"3 minutes"},"schema":{"@context":"https:\/\/schema.org","@graph":[{"@type":"Article","@id":"https:\/\/huszpo.hr\/2021\/05\/31\/nuzno-je-aktivnije-ukljucivanje-javnosti-u-javne-rasprave-u-postupcima-zastite-okolisa-neovisno-o-pandemijskim-uvjetima\/#article","isPartOf":{"@id":"https:\/\/huszpo.hr\/2021\/05\/31\/nuzno-je-aktivnije-ukljucivanje-javnosti-u-javne-rasprave-u-postupcima-zastite-okolisa-neovisno-o-pandemijskim-uvjetima\/"},"author":{"name":"Filip Kuna","@id":"https:\/\/huszpo.hr\/#\/schema\/person\/1d48cd230b220ccfad7414236739e3fc"},"headline":"Nu\u017eno je aktivnije uklju\u010divanje javnosti u javne rasprave u postupcima za\u0161tite okoli\u0161a neovisno o pandemijskim uvjetima","datePublished":"2021-05-31T00:00:42+00:00","dateModified":"2022-02-14T21:48:21+00:00","mainEntityOfPage":{"@id":"https:\/\/huszpo.hr\/2021\/05\/31\/nuzno-je-aktivnije-ukljucivanje-javnosti-u-javne-rasprave-u-postupcima-zastite-okolisa-neovisno-o-pandemijskim-uvjetima\/"},"wordCount":628,"publisher":{"@id":"https:\/\/huszpo.hr\/#organization"},"image":{"@id":"https:\/\/huszpo.hr\/2021\/05\/31\/nuzno-je-aktivnije-ukljucivanje-javnosti-u-javne-rasprave-u-postupcima-zastite-okolisa-neovisno-o-pandemijskim-uvjetima\/#primaryimage"},"thumbnailUrl":"https:\/\/huszpo.hr\/wp-content\/uploads\/2022\/02\/Logo.png","articleSection":["Projekti-COVID"],"inLanguage":"en-US"},{"@type":"WebPage","@id":"https:\/\/huszpo.hr\/2021\/05\/31\/nuzno-je-aktivnije-ukljucivanje-javnosti-u-javne-rasprave-u-postupcima-zastite-okolisa-neovisno-o-pandemijskim-uvjetima\/","url":"https:\/\/huszpo.hr\/2021\/05\/31\/nuzno-je-aktivnije-ukljucivanje-javnosti-u-javne-rasprave-u-postupcima-zastite-okolisa-neovisno-o-pandemijskim-uvjetima\/","name":"Nu\u017eno je aktivnije uklju\u010divanje javnosti u javne rasprave u postupcima za\u0161tite okoli\u0161a neovisno o pandemijskim uvjetima - HUSZPO","isPartOf":{"@id":"https:\/\/huszpo.hr\/#website"},"primaryImageOfPage":{"@id":"https:\/\/huszpo.hr\/2021\/05\/31\/nuzno-je-aktivnije-ukljucivanje-javnosti-u-javne-rasprave-u-postupcima-zastite-okolisa-neovisno-o-pandemijskim-uvjetima\/#primaryimage"},"image":{"@id":"https:\/\/huszpo.hr\/2021\/05\/31\/nuzno-je-aktivnije-ukljucivanje-javnosti-u-javne-rasprave-u-postupcima-zastite-okolisa-neovisno-o-pandemijskim-uvjetima\/#primaryimage"},"thumbnailUrl":"https:\/\/huszpo.hr\/wp-content\/uploads\/2022\/02\/Logo.png","datePublished":"2021-05-31T00:00:42+00:00","dateModified":"2022-02-14T21:48:21+00:00","breadcrumb":{"@id":"https:\/\/huszpo.hr\/2021\/05\/31\/nuzno-je-aktivnije-ukljucivanje-javnosti-u-javne-rasprave-u-postupcima-zastite-okolisa-neovisno-o-pandemijskim-uvjetima\/#breadcrumb"},"inLanguage":"en-US","potentialAction":[{"@type":"ReadAction","target":["https:\/\/huszpo.hr\/2021\/05\/31\/nuzno-je-aktivnije-ukljucivanje-javnosti-u-javne-rasprave-u-postupcima-zastite-okolisa-neovisno-o-pandemijskim-uvjetima\/"]}]},{"@type":"ImageObject","inLanguage":"en-US","@id":"https:\/\/huszpo.hr\/2021\/05\/31\/nuzno-je-aktivnije-ukljucivanje-javnosti-u-javne-rasprave-u-postupcima-zastite-okolisa-neovisno-o-pandemijskim-uvjetima\/#primaryimage","url":"https:\/\/huszpo.hr\/wp-content\/uploads\/2022\/02\/Logo.png","contentUrl":"https:\/\/huszpo.hr\/wp-content\/uploads\/2022\/02\/Logo.png","width":350,"height":350,"caption":"HUSZPO"},{"@type":"BreadcrumbList","@id":"https:\/\/huszpo.hr\/2021\/05\/31\/nuzno-je-aktivnije-ukljucivanje-javnosti-u-javne-rasprave-u-postupcima-zastite-okolisa-neovisno-o-pandemijskim-uvjetima\/#breadcrumb","itemListElement":[{"@type":"ListItem","position":1,"name":"Po\u010detna stranica","item":"https:\/\/huszpo.hr\/"},{"@type":"ListItem","position":2,"name":"Nu\u017eno je aktivnije uklju\u010divanje javnosti u javne rasprave u postupcima za\u0161tite okoli\u0161a neovisno o pandemijskim uvjetima"}]},{"@type":"WebSite","@id":"https:\/\/huszpo.hr\/#website","url":"https:\/\/huszpo.hr\/","name":"HUSZPO","description":"","publisher":{"@id":"https:\/\/huszpo.hr\/#organization"},"potentialAction":[{"@type":"SearchAction","target":{"@type":"EntryPoint","urlTemplate":"https:\/\/huszpo.hr\/?s={search_term_string}"},"query-input":{"@type":"PropertyValueSpecification","valueRequired":true,"valueName":"search_term_string"}}],"inLanguage":"en-US"},{"@type":"Organization","@id":"https:\/\/huszpo.hr\/#organization","name":"HUSZPO","url":"https:\/\/huszpo.hr\/","logo":{"@type":"ImageObject","inLanguage":"en-US","@id":"https:\/\/huszpo.hr\/#\/schema\/logo\/image\/","url":"http:\/\/localhost\/wp-content\/uploads\/2020\/08\/vlxssa_O_400x400.jpg","contentUrl":"http:\/\/localhost\/wp-content\/uploads\/2020\/08\/vlxssa_O_400x400.jpg","width":400,"height":400,"caption":"HUSZPO"},"image":{"@id":"https:\/\/huszpo.hr\/#\/schema\/logo\/image\/"},"sameAs":["https:\/\/www.facebook.com\/HUSZPO-107221977694653","https:\/\/x.com\/huszpo"]},{"@type":"Person","@id":"https:\/\/huszpo.hr\/#\/schema\/person\/1d48cd230b220ccfad7414236739e3fc","name":"Filip Kuna","image":{"@type":"ImageObject","inLanguage":"en-US","@id":"https:\/\/secure.gravatar.com\/avatar\/f3836a9a51eb95858f8d64988566dce5b5f6feac274b3ae388cf326112f1312d?s=96&d=mm&r=g","url":"https:\/\/secure.gravatar.com\/avatar\/f3836a9a51eb95858f8d64988566dce5b5f6feac274b3ae388cf326112f1312d?s=96&d=mm&r=g","contentUrl":"https:\/\/secure.gravatar.com\/avatar\/f3836a9a51eb95858f8d64988566dce5b5f6feac274b3ae388cf326112f1312d?s=96&d=mm&r=g","caption":"Filip Kuna"}}]}},"uagb_featured_image_src":{"full":["https:\/\/huszpo.hr\/wp-content\/uploads\/2022\/02\/Logo.png",350,350,false],"thumbnail":["https:\/\/huszpo.hr\/wp-content\/uploads\/2022\/02\/Logo-150x150.png",150,150,true],"medium":["https:\/\/huszpo.hr\/wp-content\/uploads\/2022\/02\/Logo-300x300.png",300,300,true],"medium_large":["https:\/\/huszpo.hr\/wp-content\/uploads\/2022\/02\/Logo.png",350,350,false],"large":["https:\/\/huszpo.hr\/wp-content\/uploads\/2022\/02\/Logo.png",350,350,false],"xl":["https:\/\/huszpo.hr\/wp-content\/uploads\/2022\/02\/Logo.png",350,350,false],"xxl":["https:\/\/huszpo.hr\/wp-content\/uploads\/2022\/02\/Logo.png",350,350,false],"xxxl":["https:\/\/huszpo.hr\/wp-content\/uploads\/2022\/02\/Logo.png",350,350,false],"xxxxl":["https:\/\/huszpo.hr\/wp-content\/uploads\/2022\/02\/Logo.png",350,350,false],"xxxxxl":["https:\/\/huszpo.hr\/wp-content\/uploads\/2022\/02\/Logo.png",350,350,false],"1536x1536":["https:\/\/huszpo.hr\/wp-content\/uploads\/2022\/02\/Logo.png",350,350,false],"2048x2048":["https:\/\/huszpo.hr\/wp-content\/uploads\/2022\/02\/Logo.png",350,350,false],"trp-custom-language-flag":["https:\/\/huszpo.hr\/wp-content\/uploads\/2022\/02\/Logo.png",12,12,false],"neve-blog":["https:\/\/huszpo.hr\/wp-content\/uploads\/2022\/02\/Logo.png",350,350,false]},"uagb_author_info":{"display_name":"Filip Kuna","author_link":"https:\/\/huszpo.hr\/en\/author\/filip1kuna2\/"},"uagb_comment_info":0,"uagb_excerpt":"Jedno od glavnih postignu\u0107a projekta&nbsp;\u201eUklju\u010divanje javnosti u javne rasprave u postupcima za\u0161tite okoli\u0161a u pandemijskim uvjetima\u201c, koji je trajao od 01.06. do 30.11.2020. godine je formiranje konzultacijskog tima kroz koji smo okupili sve relevantne dionike procesa uklju\u010divanja javnosti u javne rasprave, a koji su kroz projekt djelovali kao zajednica usmjerena na rje\u0161avanje prepoznatih problema kroz&hellip;&nbsp;Read&hellip;","_links":{"self":[{"href":"https:\/\/huszpo.hr\/en\/wp-json\/wp\/v2\/posts\/2211","targetHints":{"allow":["GET"]}}],"collection":[{"href":"https:\/\/huszpo.hr\/en\/wp-json\/wp\/v2\/posts"}],"about":[{"href":"https:\/\/huszpo.hr\/en\/wp-json\/wp\/v2\/types\/post"}],"author":[{"embeddable":true,"href":"https:\/\/huszpo.hr\/en\/wp-json\/wp\/v2\/users\/2"}],"replies":[{"embeddable":true,"href":"https:\/\/huszpo.hr\/en\/wp-json\/wp\/v2\/comments?post=2211"}],"version-history":[{"count":1,"href":"https:\/\/huszpo.hr\/en\/wp-json\/wp\/v2\/posts\/2211\/revisions"}],"predecessor-version":[{"id":2212,"href":"https:\/\/huszpo.hr\/en\/wp-json\/wp\/v2\/posts\/2211\/revisions\/2212"}],"wp:featuredmedia":[{"embeddable":true,"href":"https:\/\/huszpo.hr\/en\/wp-json\/wp\/v2\/media\/1919"}],"wp:attachment":[{"href":"https:\/\/huszpo.hr\/en\/wp-json\/wp\/v2\/media?parent=2211"}],"wp:term":[{"taxonomy":"category","embeddable":true,"href":"https:\/\/huszpo.hr\/en\/wp-json\/wp\/v2\/categories?post=2211"},{"taxonomy":"post_tag","embeddable":true,"href":"https:\/\/huszpo.hr\/en\/wp-json\/wp\/v2\/tags?post=2211"}],"curies":[{"name":"wp","href":"https:\/\/api.w.org\/{rel}","templated":true}]}}