{"id":2213,"date":"2020-11-27T00:49:12","date_gmt":"2020-11-27T00:49:12","guid":{"rendered":"http:\/\/localhost\/?p=2213"},"modified":"2022-02-14T21:49:40","modified_gmt":"2022-02-14T21:49:40","slug":"trazimo-vase-misljenje-na-smjernice-za-ukljucivanje-javnosti-u-javne-rasprave-u-postupcima-zastite-okolisa-u-pandemijskim-uvjetima","status":"publish","type":"post","link":"https:\/\/huszpo.hr\/en\/2020\/11\/27\/trazimo-vase-misljenje-na-smjernice-za-ukljucivanje-javnosti-u-javne-rasprave-u-postupcima-zastite-okolisa-u-pandemijskim-uvjetima\/","title":{"rendered":"We ask for your opinion on guidelines for involving the public in environmental public hearing procedures under pandemic conditions"},"content":{"rendered":"<p>Kako bi pove\u0107ali svijesti javnosti o mogu\u0107nosti sudjelovanja u postupcima za\u0161tite okoli\u0161a, tra\u017eimo va\u0161a mi\u0161ljenja, prijedloge i stavove o smjernicama koje su nastale u sklopu projekta \u2018Uklju\u010divanje javnosti u javne rasprave u postupcima za\u0161tite okoli\u0161a u pandemijskim uvjetima\u2019, kojeg provede Udruga BIOM i Hrvatska udruga stru\u010dnjaka za\u0161tite prirode i okoli\u0161a (HUSZPO).<br>Glavni cilj projekta jest podr\u017eati kontinuitet javnih rasprava u uvjetima u kojima su jo\u0161 uvijek ograni\u010dena velika okupljanja. Naime, sudjelovanje javnosti u odlu\u010divanju o aktivnostima koje utje\u010du na okoli\u0161 predstavlja jedno od va\u017enijih mehanizama za\u0161tite okoli\u0161a i u ovom projektu se posebna pa\u017enja posve\u0107uje postupcima procjene utjecaja zahvata na okoli\u0161 (uklju\u010duju\u0107i strate\u0161ku procjenu) te ocjene prihvatljivosti zahvata za ekolo\u0161ku mre\u017eu, koji uklju\u010duju javnost i zainteresiranu javnost putem javne rasprave (javnog uvida i javnog izlaganja).<br>Ovim projektom poku\u0161ava se stvoriti okvir u obliku smjernica za nesmetano provo\u0111enje postupka javnog savjetovanja prilikom dono\u0161enja odluka koje se ti\u010du okoli\u0161a u novonastalim uvjetima uzrokovanih pandemijom COVID-19.<br>Glavnu okosnicu projektnih aktivnosti \u010dine 3 konzultacijska kruga s dionicima, koji su se odvili u rujnu, listopadu i studenom, u kojima su definirane smjernice za javnu raspravu u uvjetima ograni\u010denog okupljanja.<br>Korisnici projekta su prvenstveno \u0161ira javnost i zainteresirana javnost u postupcima za\u0161tite okoli\u0161a, zatim javni sektor (Ministarstvo gospodarstva i odr\u017eivog razvoja, predstavnici regionalne samouprave), gospodarski sektor (predstavnici ovla\u0161tenika koji izra\u0111uju podloge za procjenu utjecaja na okoli\u0161 i investitori), civilni sektor (organizacije civilnog dru\u0161tva koji djeluju u podru\u010dju za\u0161tite prirode i okoli\u0161a). Ovaj projekt ima dodanu vrijednost jer pru\u017ea okvir za dugoro\u010dno unapre\u0111enje sustava uklju\u010divanja javnosti u dono\u0161enje odluka o za\u0161titi okoli\u0161a.<br>Projekt sufinancira Fond za aktivno gra\u0111anstvo u Hrvatskoj kao dio Europskog gospodarskog prostora i Norve\u0161kih financijskih mehanizama 2014. \u2013 2021. koje financiraju Island, Lihten\u0161tajn i Norve\u0161ka. Glavni cilj Programa na razini Europske unije jest \u201cOja\u010dano civilno dru\u0161tvo te aktivno gra\u0111anstvo i osna\u017eene ranjive skupine\u201d kako bi pove\u0107ali svijesti javnosti o mogu\u0107nosti sudjelovanja u postupcima za\u0161tite okoli\u0161a, u sklopu projekta.<\/p>\n\n\n\n<p>Vrlo rado bismo \u010duli va\u0161e mi\u0161ljenje na smjernice te vas ovom prilikom pozivamo da nam po\u0161aljete svoje prijedloge, komentare i\/ili podijelite svoja iskustva na e-mail adresu\u00a0<a href=\"mailto:luka.skunca@biom.hr\">luka.skunca@biom.hr<\/a>\u00a0zaklju\u010dno s 04.12.2020. Na taj na\u010din i vi imate mogu\u0107nost dati svoj doprinos za unaprje\u0111enje uklju\u010divanja javnosti u javne rasprave u postupcima za\u0161tite okoli\u0161a u pandemijskim uvjetima.<\/p>\n\n\n\n<p><br>Smjernice mo\u017eete preuzeti na sljede\u0107oj\u00a0<a href=\"http:\/\/huszpo.hr\/wp-content\/uploads\/2020\/11\/Smjernice_final_AdHoc_projekt_BIOM_HUSZPO-1.pdf\">poveznici<\/a>.<\/p>\n\n\n\n<p>Ovaj materijal omogu\u0107en je financijskom podr\u0161kom Islanda, Lihten\u0161tajna i Norve\u0161ke u okviru EGP i Norve\u0161kih grantova. Sadr\u017eaj ovog materijala isklju\u010diva je odgovornost Udruge BIOM i HUSZPO i ne odra\u017eava nu\u017eno stavove dr\u017eava donatorica i Upravitelja Fonda.<\/p>","protected":false},"excerpt":{"rendered":"<p>Kako bi pove\u0107ali svijesti javnosti o mogu\u0107nosti sudjelovanja u postupcima za\u0161tite okoli\u0161a, tra\u017eimo va\u0161a mi\u0161ljenja, prijedloge i stavove o smjernicama koje su nastale u sklopu projekta \u2018Uklju\u010divanje javnosti u javne rasprave u postupcima za\u0161tite okoli\u0161a u pandemijskim uvjetima\u2019, kojeg provede Udruga BIOM i Hrvatska udruga stru\u010dnjaka za\u0161tite prirode i okoli\u0161a (HUSZPO).Glavni cilj projekta jest podr\u017eati&hellip;&nbsp;<a href=\"https:\/\/huszpo.hr\/en\/2020\/11\/27\/trazimo-vase-misljenje-na-smjernice-za-ukljucivanje-javnosti-u-javne-rasprave-u-postupcima-zastite-okolisa-u-pandemijskim-uvjetima\/\" rel=\"bookmark\">Read More &raquo;<span class=\"screen-reader-text\">We ask for your opinion on guidelines for involving the public in environmental public hearing procedures under pandemic conditions<\/span><\/a><\/p>","protected":false},"author":2,"featured_media":1919,"comment_status":"closed","ping_status":"closed","sticky":false,"template":"","format":"standard","meta":{"_uag_custom_page_level_css":"","neve_meta_sidebar":"","neve_meta_container":"","neve_meta_enable_content_width":"","neve_meta_content_width":0,"neve_meta_title_alignment":"","neve_meta_author_avatar":"","neve_post_elements_order":"","neve_meta_disable_header":"","neve_meta_disable_footer":"","neve_meta_disable_title":"","footnotes":""},"categories":[111],"tags":[],"class_list":["post-2213","post","type-post","status-publish","format-standard","has-post-thumbnail","hentry","category-projekti-covid"],"yoast_head":"<!-- This site is optimized with the Yoast SEO plugin v27.5 - https:\/\/yoast.com\/product\/yoast-seo-wordpress\/ -->\n<title>Tra\u017eimo Va\u0161e mi\u0161ljenje na smjernice za uklju\u010divanje javnosti u javne rasprave u postupcima za\u0161tite okoli\u0161a u pandemijskim uvjetima - HUSZPO<\/title>\n<meta name=\"robots\" content=\"index, follow, max-snippet:-1, max-image-preview:large, max-video-preview:-1\" \/>\n<link rel=\"canonical\" href=\"https:\/\/huszpo.hr\/en\/2020\/11\/27\/trazimo-vase-misljenje-na-smjernice-za-ukljucivanje-javnosti-u-javne-rasprave-u-postupcima-zastite-okolisa-u-pandemijskim-uvjetima\/\" \/>\n<meta property=\"og:locale\" content=\"en_US\" \/>\n<meta property=\"og:type\" content=\"article\" \/>\n<meta property=\"og:title\" content=\"Tra\u017eimo Va\u0161e mi\u0161ljenje na smjernice za uklju\u010divanje javnosti u javne rasprave u postupcima za\u0161tite okoli\u0161a u pandemijskim uvjetima - HUSZPO\" \/>\n<meta property=\"og:description\" content=\"Kako bi pove\u0107ali svijesti javnosti o mogu\u0107nosti sudjelovanja u postupcima za\u0161tite okoli\u0161a, tra\u017eimo va\u0161a mi\u0161ljenja, prijedloge i stavove o smjernicama koje su nastale u sklopu projekta \u2018Uklju\u010divanje javnosti u javne rasprave u postupcima za\u0161tite okoli\u0161a u pandemijskim uvjetima\u2019, kojeg provede Udruga BIOM i Hrvatska udruga stru\u010dnjaka za\u0161tite prirode i okoli\u0161a (HUSZPO).Glavni cilj projekta jest podr\u017eati&hellip;&nbsp;Read More &raquo;Tra\u017eimo Va\u0161e mi\u0161ljenje na smjernice za uklju\u010divanje javnosti u javne rasprave u postupcima za\u0161tite okoli\u0161a u pandemijskim uvjetima\" \/>\n<meta property=\"og:url\" content=\"https:\/\/huszpo.hr\/en\/2020\/11\/27\/trazimo-vase-misljenje-na-smjernice-za-ukljucivanje-javnosti-u-javne-rasprave-u-postupcima-zastite-okolisa-u-pandemijskim-uvjetima\/\" \/>\n<meta property=\"og:site_name\" content=\"HUSZPO\" \/>\n<meta property=\"article:publisher\" content=\"https:\/\/www.facebook.com\/HUSZPO-107221977694653\" \/>\n<meta property=\"article:published_time\" content=\"2020-11-27T00:49:12+00:00\" \/>\n<meta property=\"article:modified_time\" content=\"2022-02-14T21:49:40+00:00\" \/>\n<meta property=\"og:image\" content=\"https:\/\/huszpo.hr\/wp-content\/uploads\/2022\/02\/Logo.png\" \/>\n\t<meta property=\"og:image:width\" content=\"350\" \/>\n\t<meta property=\"og:image:height\" content=\"350\" \/>\n\t<meta property=\"og:image:type\" content=\"image\/png\" \/>\n<meta name=\"author\" content=\"Filip Kuna\" \/>\n<meta name=\"twitter:card\" content=\"summary_large_image\" \/>\n<meta name=\"twitter:creator\" content=\"@huszpo\" \/>\n<meta name=\"twitter:site\" content=\"@huszpo\" \/>\n<meta name=\"twitter:label1\" content=\"Written by\" \/>\n\t<meta name=\"twitter:data1\" content=\"Filip Kuna\" \/>\n\t<meta name=\"twitter:label2\" content=\"Est. reading time\" \/>\n\t<meta name=\"twitter:data2\" content=\"3 minutes\" \/>\n<script type=\"application\/ld+json\" class=\"yoast-schema-graph\">{\"@context\":\"https:\\\/\\\/schema.org\",\"@graph\":[{\"@type\":\"Article\",\"@id\":\"https:\\\/\\\/huszpo.hr\\\/2020\\\/11\\\/27\\\/trazimo-vase-misljenje-na-smjernice-za-ukljucivanje-javnosti-u-javne-rasprave-u-postupcima-zastite-okolisa-u-pandemijskim-uvjetima\\\/#article\",\"isPartOf\":{\"@id\":\"https:\\\/\\\/huszpo.hr\\\/2020\\\/11\\\/27\\\/trazimo-vase-misljenje-na-smjernice-za-ukljucivanje-javnosti-u-javne-rasprave-u-postupcima-zastite-okolisa-u-pandemijskim-uvjetima\\\/\"},\"author\":{\"name\":\"Filip Kuna\",\"@id\":\"https:\\\/\\\/huszpo.hr\\\/#\\\/schema\\\/person\\\/1d48cd230b220ccfad7414236739e3fc\"},\"headline\":\"Tra\u017eimo Va\u0161e mi\u0161ljenje na smjernice za uklju\u010divanje javnosti u javne rasprave u postupcima za\u0161tite okoli\u0161a u pandemijskim uvjetima\",\"datePublished\":\"2020-11-27T00:49:12+00:00\",\"dateModified\":\"2022-02-14T21:49:40+00:00\",\"mainEntityOfPage\":{\"@id\":\"https:\\\/\\\/huszpo.hr\\\/2020\\\/11\\\/27\\\/trazimo-vase-misljenje-na-smjernice-za-ukljucivanje-javnosti-u-javne-rasprave-u-postupcima-zastite-okolisa-u-pandemijskim-uvjetima\\\/\"},\"wordCount\":517,\"publisher\":{\"@id\":\"https:\\\/\\\/huszpo.hr\\\/#organization\"},\"image\":{\"@id\":\"https:\\\/\\\/huszpo.hr\\\/2020\\\/11\\\/27\\\/trazimo-vase-misljenje-na-smjernice-za-ukljucivanje-javnosti-u-javne-rasprave-u-postupcima-zastite-okolisa-u-pandemijskim-uvjetima\\\/#primaryimage\"},\"thumbnailUrl\":\"https:\\\/\\\/huszpo.hr\\\/wp-content\\\/uploads\\\/2022\\\/02\\\/Logo.png\",\"articleSection\":[\"Projekti-COVID\"],\"inLanguage\":\"en-US\"},{\"@type\":\"WebPage\",\"@id\":\"https:\\\/\\\/huszpo.hr\\\/2020\\\/11\\\/27\\\/trazimo-vase-misljenje-na-smjernice-za-ukljucivanje-javnosti-u-javne-rasprave-u-postupcima-zastite-okolisa-u-pandemijskim-uvjetima\\\/\",\"url\":\"https:\\\/\\\/huszpo.hr\\\/2020\\\/11\\\/27\\\/trazimo-vase-misljenje-na-smjernice-za-ukljucivanje-javnosti-u-javne-rasprave-u-postupcima-zastite-okolisa-u-pandemijskim-uvjetima\\\/\",\"name\":\"Tra\u017eimo Va\u0161e mi\u0161ljenje na smjernice za uklju\u010divanje javnosti u javne rasprave u postupcima za\u0161tite okoli\u0161a u pandemijskim uvjetima - HUSZPO\",\"isPartOf\":{\"@id\":\"https:\\\/\\\/huszpo.hr\\\/#website\"},\"primaryImageOfPage\":{\"@id\":\"https:\\\/\\\/huszpo.hr\\\/2020\\\/11\\\/27\\\/trazimo-vase-misljenje-na-smjernice-za-ukljucivanje-javnosti-u-javne-rasprave-u-postupcima-zastite-okolisa-u-pandemijskim-uvjetima\\\/#primaryimage\"},\"image\":{\"@id\":\"https:\\\/\\\/huszpo.hr\\\/2020\\\/11\\\/27\\\/trazimo-vase-misljenje-na-smjernice-za-ukljucivanje-javnosti-u-javne-rasprave-u-postupcima-zastite-okolisa-u-pandemijskim-uvjetima\\\/#primaryimage\"},\"thumbnailUrl\":\"https:\\\/\\\/huszpo.hr\\\/wp-content\\\/uploads\\\/2022\\\/02\\\/Logo.png\",\"datePublished\":\"2020-11-27T00:49:12+00:00\",\"dateModified\":\"2022-02-14T21:49:40+00:00\",\"breadcrumb\":{\"@id\":\"https:\\\/\\\/huszpo.hr\\\/2020\\\/11\\\/27\\\/trazimo-vase-misljenje-na-smjernice-za-ukljucivanje-javnosti-u-javne-rasprave-u-postupcima-zastite-okolisa-u-pandemijskim-uvjetima\\\/#breadcrumb\"},\"inLanguage\":\"en-US\",\"potentialAction\":[{\"@type\":\"ReadAction\",\"target\":[\"https:\\\/\\\/huszpo.hr\\\/2020\\\/11\\\/27\\\/trazimo-vase-misljenje-na-smjernice-za-ukljucivanje-javnosti-u-javne-rasprave-u-postupcima-zastite-okolisa-u-pandemijskim-uvjetima\\\/\"]}]},{\"@type\":\"ImageObject\",\"inLanguage\":\"en-US\",\"@id\":\"https:\\\/\\\/huszpo.hr\\\/2020\\\/11\\\/27\\\/trazimo-vase-misljenje-na-smjernice-za-ukljucivanje-javnosti-u-javne-rasprave-u-postupcima-zastite-okolisa-u-pandemijskim-uvjetima\\\/#primaryimage\",\"url\":\"https:\\\/\\\/huszpo.hr\\\/wp-content\\\/uploads\\\/2022\\\/02\\\/Logo.png\",\"contentUrl\":\"https:\\\/\\\/huszpo.hr\\\/wp-content\\\/uploads\\\/2022\\\/02\\\/Logo.png\",\"width\":350,\"height\":350,\"caption\":\"HUSZPO\"},{\"@type\":\"BreadcrumbList\",\"@id\":\"https:\\\/\\\/huszpo.hr\\\/2020\\\/11\\\/27\\\/trazimo-vase-misljenje-na-smjernice-za-ukljucivanje-javnosti-u-javne-rasprave-u-postupcima-zastite-okolisa-u-pandemijskim-uvjetima\\\/#breadcrumb\",\"itemListElement\":[{\"@type\":\"ListItem\",\"position\":1,\"name\":\"Po\u010detna stranica\",\"item\":\"https:\\\/\\\/huszpo.hr\\\/\"},{\"@type\":\"ListItem\",\"position\":2,\"name\":\"Tra\u017eimo Va\u0161e mi\u0161ljenje na smjernice za uklju\u010divanje javnosti u javne rasprave u postupcima za\u0161tite okoli\u0161a u pandemijskim uvjetima\"}]},{\"@type\":\"WebSite\",\"@id\":\"https:\\\/\\\/huszpo.hr\\\/#website\",\"url\":\"https:\\\/\\\/huszpo.hr\\\/\",\"name\":\"HUSZPO\",\"description\":\"\",\"publisher\":{\"@id\":\"https:\\\/\\\/huszpo.hr\\\/#organization\"},\"potentialAction\":[{\"@type\":\"SearchAction\",\"target\":{\"@type\":\"EntryPoint\",\"urlTemplate\":\"https:\\\/\\\/huszpo.hr\\\/?s={search_term_string}\"},\"query-input\":{\"@type\":\"PropertyValueSpecification\",\"valueRequired\":true,\"valueName\":\"search_term_string\"}}],\"inLanguage\":\"en-US\"},{\"@type\":\"Organization\",\"@id\":\"https:\\\/\\\/huszpo.hr\\\/#organization\",\"name\":\"HUSZPO\",\"url\":\"https:\\\/\\\/huszpo.hr\\\/\",\"logo\":{\"@type\":\"ImageObject\",\"inLanguage\":\"en-US\",\"@id\":\"https:\\\/\\\/huszpo.hr\\\/#\\\/schema\\\/logo\\\/image\\\/\",\"url\":\"http:\\\/\\\/localhost\\\/wp-content\\\/uploads\\\/2020\\\/08\\\/vlxssa_O_400x400.jpg\",\"contentUrl\":\"http:\\\/\\\/localhost\\\/wp-content\\\/uploads\\\/2020\\\/08\\\/vlxssa_O_400x400.jpg\",\"width\":400,\"height\":400,\"caption\":\"HUSZPO\"},\"image\":{\"@id\":\"https:\\\/\\\/huszpo.hr\\\/#\\\/schema\\\/logo\\\/image\\\/\"},\"sameAs\":[\"https:\\\/\\\/www.facebook.com\\\/HUSZPO-107221977694653\",\"https:\\\/\\\/x.com\\\/huszpo\"]},{\"@type\":\"Person\",\"@id\":\"https:\\\/\\\/huszpo.hr\\\/#\\\/schema\\\/person\\\/1d48cd230b220ccfad7414236739e3fc\",\"name\":\"Filip Kuna\",\"image\":{\"@type\":\"ImageObject\",\"inLanguage\":\"en-US\",\"@id\":\"https:\\\/\\\/secure.gravatar.com\\\/avatar\\\/f3836a9a51eb95858f8d64988566dce5b5f6feac274b3ae388cf326112f1312d?s=96&d=mm&r=g\",\"url\":\"https:\\\/\\\/secure.gravatar.com\\\/avatar\\\/f3836a9a51eb95858f8d64988566dce5b5f6feac274b3ae388cf326112f1312d?s=96&d=mm&r=g\",\"contentUrl\":\"https:\\\/\\\/secure.gravatar.com\\\/avatar\\\/f3836a9a51eb95858f8d64988566dce5b5f6feac274b3ae388cf326112f1312d?s=96&d=mm&r=g\",\"caption\":\"Filip Kuna\"}}]}<\/script>\n<!-- \/ Yoast SEO plugin. -->","yoast_head_json":{"title":"Tra\u017eimo Va\u0161e mi\u0161ljenje na smjernice za uklju\u010divanje javnosti u javne rasprave u postupcima za\u0161tite okoli\u0161a u pandemijskim uvjetima - HUSZPO","robots":{"index":"index","follow":"follow","max-snippet":"max-snippet:-1","max-image-preview":"max-image-preview:large","max-video-preview":"max-video-preview:-1"},"canonical":"https:\/\/huszpo.hr\/en\/2020\/11\/27\/trazimo-vase-misljenje-na-smjernice-za-ukljucivanje-javnosti-u-javne-rasprave-u-postupcima-zastite-okolisa-u-pandemijskim-uvjetima\/","og_locale":"en_US","og_type":"article","og_title":"Tra\u017eimo Va\u0161e mi\u0161ljenje na smjernice za uklju\u010divanje javnosti u javne rasprave u postupcima za\u0161tite okoli\u0161a u pandemijskim uvjetima - HUSZPO","og_description":"Kako bi pove\u0107ali svijesti javnosti o mogu\u0107nosti sudjelovanja u postupcima za\u0161tite okoli\u0161a, tra\u017eimo va\u0161a mi\u0161ljenja, prijedloge i stavove o smjernicama koje su nastale u sklopu projekta \u2018Uklju\u010divanje javnosti u javne rasprave u postupcima za\u0161tite okoli\u0161a u pandemijskim uvjetima\u2019, kojeg provede Udruga BIOM i Hrvatska udruga stru\u010dnjaka za\u0161tite prirode i okoli\u0161a (HUSZPO).Glavni cilj projekta jest podr\u017eati&hellip;&nbsp;Read More &raquo;Tra\u017eimo Va\u0161e mi\u0161ljenje na smjernice za uklju\u010divanje javnosti u javne rasprave u postupcima za\u0161tite okoli\u0161a u pandemijskim uvjetima","og_url":"https:\/\/huszpo.hr\/en\/2020\/11\/27\/trazimo-vase-misljenje-na-smjernice-za-ukljucivanje-javnosti-u-javne-rasprave-u-postupcima-zastite-okolisa-u-pandemijskim-uvjetima\/","og_site_name":"HUSZPO","article_publisher":"https:\/\/www.facebook.com\/HUSZPO-107221977694653","article_published_time":"2020-11-27T00:49:12+00:00","article_modified_time":"2022-02-14T21:49:40+00:00","og_image":[{"width":350,"height":350,"url":"https:\/\/huszpo.hr\/wp-content\/uploads\/2022\/02\/Logo.png","type":"image\/png"}],"author":"Filip Kuna","twitter_card":"summary_large_image","twitter_creator":"@huszpo","twitter_site":"@huszpo","twitter_misc":{"Written by":"Filip Kuna","Est. reading time":"3 minutes"},"schema":{"@context":"https:\/\/schema.org","@graph":[{"@type":"Article","@id":"https:\/\/huszpo.hr\/2020\/11\/27\/trazimo-vase-misljenje-na-smjernice-za-ukljucivanje-javnosti-u-javne-rasprave-u-postupcima-zastite-okolisa-u-pandemijskim-uvjetima\/#article","isPartOf":{"@id":"https:\/\/huszpo.hr\/2020\/11\/27\/trazimo-vase-misljenje-na-smjernice-za-ukljucivanje-javnosti-u-javne-rasprave-u-postupcima-zastite-okolisa-u-pandemijskim-uvjetima\/"},"author":{"name":"Filip Kuna","@id":"https:\/\/huszpo.hr\/#\/schema\/person\/1d48cd230b220ccfad7414236739e3fc"},"headline":"Tra\u017eimo Va\u0161e mi\u0161ljenje na smjernice za uklju\u010divanje javnosti u javne rasprave u postupcima za\u0161tite okoli\u0161a u pandemijskim uvjetima","datePublished":"2020-11-27T00:49:12+00:00","dateModified":"2022-02-14T21:49:40+00:00","mainEntityOfPage":{"@id":"https:\/\/huszpo.hr\/2020\/11\/27\/trazimo-vase-misljenje-na-smjernice-za-ukljucivanje-javnosti-u-javne-rasprave-u-postupcima-zastite-okolisa-u-pandemijskim-uvjetima\/"},"wordCount":517,"publisher":{"@id":"https:\/\/huszpo.hr\/#organization"},"image":{"@id":"https:\/\/huszpo.hr\/2020\/11\/27\/trazimo-vase-misljenje-na-smjernice-za-ukljucivanje-javnosti-u-javne-rasprave-u-postupcima-zastite-okolisa-u-pandemijskim-uvjetima\/#primaryimage"},"thumbnailUrl":"https:\/\/huszpo.hr\/wp-content\/uploads\/2022\/02\/Logo.png","articleSection":["Projekti-COVID"],"inLanguage":"en-US"},{"@type":"WebPage","@id":"https:\/\/huszpo.hr\/2020\/11\/27\/trazimo-vase-misljenje-na-smjernice-za-ukljucivanje-javnosti-u-javne-rasprave-u-postupcima-zastite-okolisa-u-pandemijskim-uvjetima\/","url":"https:\/\/huszpo.hr\/2020\/11\/27\/trazimo-vase-misljenje-na-smjernice-za-ukljucivanje-javnosti-u-javne-rasprave-u-postupcima-zastite-okolisa-u-pandemijskim-uvjetima\/","name":"Tra\u017eimo Va\u0161e mi\u0161ljenje na smjernice za uklju\u010divanje javnosti u javne rasprave u postupcima za\u0161tite okoli\u0161a u pandemijskim uvjetima - HUSZPO","isPartOf":{"@id":"https:\/\/huszpo.hr\/#website"},"primaryImageOfPage":{"@id":"https:\/\/huszpo.hr\/2020\/11\/27\/trazimo-vase-misljenje-na-smjernice-za-ukljucivanje-javnosti-u-javne-rasprave-u-postupcima-zastite-okolisa-u-pandemijskim-uvjetima\/#primaryimage"},"image":{"@id":"https:\/\/huszpo.hr\/2020\/11\/27\/trazimo-vase-misljenje-na-smjernice-za-ukljucivanje-javnosti-u-javne-rasprave-u-postupcima-zastite-okolisa-u-pandemijskim-uvjetima\/#primaryimage"},"thumbnailUrl":"https:\/\/huszpo.hr\/wp-content\/uploads\/2022\/02\/Logo.png","datePublished":"2020-11-27T00:49:12+00:00","dateModified":"2022-02-14T21:49:40+00:00","breadcrumb":{"@id":"https:\/\/huszpo.hr\/2020\/11\/27\/trazimo-vase-misljenje-na-smjernice-za-ukljucivanje-javnosti-u-javne-rasprave-u-postupcima-zastite-okolisa-u-pandemijskim-uvjetima\/#breadcrumb"},"inLanguage":"en-US","potentialAction":[{"@type":"ReadAction","target":["https:\/\/huszpo.hr\/2020\/11\/27\/trazimo-vase-misljenje-na-smjernice-za-ukljucivanje-javnosti-u-javne-rasprave-u-postupcima-zastite-okolisa-u-pandemijskim-uvjetima\/"]}]},{"@type":"ImageObject","inLanguage":"en-US","@id":"https:\/\/huszpo.hr\/2020\/11\/27\/trazimo-vase-misljenje-na-smjernice-za-ukljucivanje-javnosti-u-javne-rasprave-u-postupcima-zastite-okolisa-u-pandemijskim-uvjetima\/#primaryimage","url":"https:\/\/huszpo.hr\/wp-content\/uploads\/2022\/02\/Logo.png","contentUrl":"https:\/\/huszpo.hr\/wp-content\/uploads\/2022\/02\/Logo.png","width":350,"height":350,"caption":"HUSZPO"},{"@type":"BreadcrumbList","@id":"https:\/\/huszpo.hr\/2020\/11\/27\/trazimo-vase-misljenje-na-smjernice-za-ukljucivanje-javnosti-u-javne-rasprave-u-postupcima-zastite-okolisa-u-pandemijskim-uvjetima\/#breadcrumb","itemListElement":[{"@type":"ListItem","position":1,"name":"Po\u010detna stranica","item":"https:\/\/huszpo.hr\/"},{"@type":"ListItem","position":2,"name":"Tra\u017eimo Va\u0161e mi\u0161ljenje na smjernice za uklju\u010divanje javnosti u javne rasprave u postupcima za\u0161tite okoli\u0161a u pandemijskim uvjetima"}]},{"@type":"WebSite","@id":"https:\/\/huszpo.hr\/#website","url":"https:\/\/huszpo.hr\/","name":"HUSZPO","description":"","publisher":{"@id":"https:\/\/huszpo.hr\/#organization"},"potentialAction":[{"@type":"SearchAction","target":{"@type":"EntryPoint","urlTemplate":"https:\/\/huszpo.hr\/?s={search_term_string}"},"query-input":{"@type":"PropertyValueSpecification","valueRequired":true,"valueName":"search_term_string"}}],"inLanguage":"en-US"},{"@type":"Organization","@id":"https:\/\/huszpo.hr\/#organization","name":"HUSZPO","url":"https:\/\/huszpo.hr\/","logo":{"@type":"ImageObject","inLanguage":"en-US","@id":"https:\/\/huszpo.hr\/#\/schema\/logo\/image\/","url":"http:\/\/localhost\/wp-content\/uploads\/2020\/08\/vlxssa_O_400x400.jpg","contentUrl":"http:\/\/localhost\/wp-content\/uploads\/2020\/08\/vlxssa_O_400x400.jpg","width":400,"height":400,"caption":"HUSZPO"},"image":{"@id":"https:\/\/huszpo.hr\/#\/schema\/logo\/image\/"},"sameAs":["https:\/\/www.facebook.com\/HUSZPO-107221977694653","https:\/\/x.com\/huszpo"]},{"@type":"Person","@id":"https:\/\/huszpo.hr\/#\/schema\/person\/1d48cd230b220ccfad7414236739e3fc","name":"Filip Kuna","image":{"@type":"ImageObject","inLanguage":"en-US","@id":"https:\/\/secure.gravatar.com\/avatar\/f3836a9a51eb95858f8d64988566dce5b5f6feac274b3ae388cf326112f1312d?s=96&d=mm&r=g","url":"https:\/\/secure.gravatar.com\/avatar\/f3836a9a51eb95858f8d64988566dce5b5f6feac274b3ae388cf326112f1312d?s=96&d=mm&r=g","contentUrl":"https:\/\/secure.gravatar.com\/avatar\/f3836a9a51eb95858f8d64988566dce5b5f6feac274b3ae388cf326112f1312d?s=96&d=mm&r=g","caption":"Filip Kuna"}}]}},"uagb_featured_image_src":{"full":["https:\/\/huszpo.hr\/wp-content\/uploads\/2022\/02\/Logo.png",350,350,false],"thumbnail":["https:\/\/huszpo.hr\/wp-content\/uploads\/2022\/02\/Logo-150x150.png",150,150,true],"medium":["https:\/\/huszpo.hr\/wp-content\/uploads\/2022\/02\/Logo-300x300.png",300,300,true],"medium_large":["https:\/\/huszpo.hr\/wp-content\/uploads\/2022\/02\/Logo.png",350,350,false],"large":["https:\/\/huszpo.hr\/wp-content\/uploads\/2022\/02\/Logo.png",350,350,false],"xl":["https:\/\/huszpo.hr\/wp-content\/uploads\/2022\/02\/Logo.png",350,350,false],"xxl":["https:\/\/huszpo.hr\/wp-content\/uploads\/2022\/02\/Logo.png",350,350,false],"xxxl":["https:\/\/huszpo.hr\/wp-content\/uploads\/2022\/02\/Logo.png",350,350,false],"xxxxl":["https:\/\/huszpo.hr\/wp-content\/uploads\/2022\/02\/Logo.png",350,350,false],"xxxxxl":["https:\/\/huszpo.hr\/wp-content\/uploads\/2022\/02\/Logo.png",350,350,false],"1536x1536":["https:\/\/huszpo.hr\/wp-content\/uploads\/2022\/02\/Logo.png",350,350,false],"2048x2048":["https:\/\/huszpo.hr\/wp-content\/uploads\/2022\/02\/Logo.png",350,350,false],"trp-custom-language-flag":["https:\/\/huszpo.hr\/wp-content\/uploads\/2022\/02\/Logo.png",12,12,false],"neve-blog":["https:\/\/huszpo.hr\/wp-content\/uploads\/2022\/02\/Logo.png",350,350,false]},"uagb_author_info":{"display_name":"Filip Kuna","author_link":"https:\/\/huszpo.hr\/en\/author\/filip1kuna2\/"},"uagb_comment_info":0,"uagb_excerpt":"Kako bi pove\u0107ali svijesti javnosti o mogu\u0107nosti sudjelovanja u postupcima za\u0161tite okoli\u0161a, tra\u017eimo va\u0161a mi\u0161ljenja, prijedloge i stavove o smjernicama koje su nastale u sklopu projekta \u2018Uklju\u010divanje javnosti u javne rasprave u postupcima za\u0161tite okoli\u0161a u pandemijskim uvjetima\u2019, kojeg provede Udruga BIOM i Hrvatska udruga stru\u010dnjaka za\u0161tite prirode i okoli\u0161a (HUSZPO).Glavni cilj projekta jest podr\u017eati&hellip;&nbsp;Read&hellip;","_links":{"self":[{"href":"https:\/\/huszpo.hr\/en\/wp-json\/wp\/v2\/posts\/2213","targetHints":{"allow":["GET"]}}],"collection":[{"href":"https:\/\/huszpo.hr\/en\/wp-json\/wp\/v2\/posts"}],"about":[{"href":"https:\/\/huszpo.hr\/en\/wp-json\/wp\/v2\/types\/post"}],"author":[{"embeddable":true,"href":"https:\/\/huszpo.hr\/en\/wp-json\/wp\/v2\/users\/2"}],"replies":[{"embeddable":true,"href":"https:\/\/huszpo.hr\/en\/wp-json\/wp\/v2\/comments?post=2213"}],"version-history":[{"count":1,"href":"https:\/\/huszpo.hr\/en\/wp-json\/wp\/v2\/posts\/2213\/revisions"}],"predecessor-version":[{"id":2214,"href":"https:\/\/huszpo.hr\/en\/wp-json\/wp\/v2\/posts\/2213\/revisions\/2214"}],"wp:featuredmedia":[{"embeddable":true,"href":"https:\/\/huszpo.hr\/en\/wp-json\/wp\/v2\/media\/1919"}],"wp:attachment":[{"href":"https:\/\/huszpo.hr\/en\/wp-json\/wp\/v2\/media?parent=2213"}],"wp:term":[{"taxonomy":"category","embeddable":true,"href":"https:\/\/huszpo.hr\/en\/wp-json\/wp\/v2\/categories?post=2213"},{"taxonomy":"post_tag","embeddable":true,"href":"https:\/\/huszpo.hr\/en\/wp-json\/wp\/v2\/tags?post=2213"}],"curies":[{"name":"wp","href":"https:\/\/api.w.org\/{rel}","templated":true}]}}