{"id":2414,"date":"2023-06-27T11:21:20","date_gmt":"2023-06-27T11:21:20","guid":{"rendered":"https:\/\/huszpo.hr\/?p=2414"},"modified":"2023-06-27T11:27:43","modified_gmt":"2023-06-27T11:27:43","slug":"dan-inzenjera-republike-hrvatske","status":"publish","type":"post","link":"https:\/\/huszpo.hr\/en\/2023\/06\/27\/dan-inzenjera-republike-hrvatske\/","title":{"rendered":"DAN IN\u017dENJERA REPUBLIKE HRVATSKE"},"content":{"rendered":"<p>Hrvatski in\u017eenjerski savez (HIS) je 2. o\u017eujka 2023. u Staroj gradskoj vije\u0107nici odr\u017eao tradicionalno obilje\u017eavanje Dana in\u017eenjera Republike Hrvatske. Skup je odr\u017ean u suradnji s Akademijom tehni\u010dkih znanosti Hrvatske, te pod pokroviteljstvom Ministarstva prostornoga ure\u0111enja, graditeljstva i dr\u017eavne imovine.<\/p>\n\n\n\n<p>HIS je dodijelio Priznanje Hrvatskoj udruzi stru\u010dnjaka za\u0161tite prirode i okoli\u0161a (HUSZPO) za izuzetna postignu\u0107a, za znakovit doprinos tijekom dugog vremenskog perioda u ostvarivanju znanstveno-stru\u010dne i obrazovne djelatnosti okupljanjem in\u017eenjera unutar udruge i podru\u010dja djelovanja, te suradnje u interesu razvoja gospodarstva.<\/p>\n\n\n\n<figure class=\"wp-block-image size-large\"><img loading=\"lazy\" decoding=\"async\" width=\"768\" height=\"1024\" src=\"https:\/\/huszpo.hr\/wp-content\/uploads\/2023\/06\/1678441897211-1-768x1024.jpg\" alt=\"\" class=\"wp-image-2415\" srcset=\"https:\/\/huszpo.hr\/wp-content\/uploads\/2023\/06\/1678441897211-1-768x1024.jpg 768w, https:\/\/huszpo.hr\/wp-content\/uploads\/2023\/06\/1678441897211-1-225x300.jpg 225w, https:\/\/huszpo.hr\/wp-content\/uploads\/2023\/06\/1678441897211-1-1152x1536.jpg 1152w, https:\/\/huszpo.hr\/wp-content\/uploads\/2023\/06\/1678441897211-1-9x12.jpg 9w, https:\/\/huszpo.hr\/wp-content\/uploads\/2023\/06\/1678441897211-1.jpg 1280w\" sizes=\"auto, (max-width: 768px) 100vw, 768px\" \/><\/figure>","protected":false},"excerpt":{"rendered":"<p>Hrvatski in\u017eenjerski savez (HIS) je 2. o\u017eujka 2023. u Staroj gradskoj vije\u0107nici odr\u017eao tradicionalno obilje\u017eavanje Dana in\u017eenjera Republike Hrvatske. Skup je odr\u017ean u suradnji s Akademijom tehni\u010dkih znanosti Hrvatske, te pod pokroviteljstvom Ministarstva prostornoga ure\u0111enja, graditeljstva i dr\u017eavne imovine. HIS je dodijelio Priznanje Hrvatskoj udruzi stru\u010dnjaka za\u0161tite prirode i okoli\u0161a (HUSZPO) za izuzetna postignu\u0107a, za&hellip;&nbsp;<a href=\"https:\/\/huszpo.hr\/en\/2023\/06\/27\/dan-inzenjera-republike-hrvatske\/\" rel=\"bookmark\">Read More &raquo;<span class=\"screen-reader-text\">DAN IN\u017dENJERA REPUBLIKE HRVATSKE<\/span><\/a><\/p>","protected":false},"author":1,"featured_media":1919,"comment_status":"closed","ping_status":"closed","sticky":true,"template":"","format":"standard","meta":{"_uag_custom_page_level_css":"","neve_meta_sidebar":"","neve_meta_container":"","neve_meta_enable_content_width":"","neve_meta_content_width":0,"neve_meta_title_alignment":"","neve_meta_author_avatar":"","neve_post_elements_order":"","neve_meta_disable_header":"","neve_meta_disable_footer":"","neve_meta_disable_title":"","footnotes":""},"categories":[8,110],"tags":[],"class_list":["post-2414","post","type-post","status-publish","format-standard","has-post-thumbnail","hentry","category-nekategorizirano-en","category-obavijesti"],"yoast_head":"<!-- This site is optimized with the Yoast SEO plugin v27.5 - https:\/\/yoast.com\/product\/yoast-seo-wordpress\/ -->\n<title>DAN IN\u017dENJERA REPUBLIKE HRVATSKE - HUSZPO<\/title>\n<meta name=\"robots\" content=\"index, follow, max-snippet:-1, max-image-preview:large, max-video-preview:-1\" \/>\n<link rel=\"canonical\" href=\"https:\/\/huszpo.hr\/en\/2023\/06\/27\/dan-inzenjera-republike-hrvatske\/\" \/>\n<meta property=\"og:locale\" content=\"en_US\" \/>\n<meta property=\"og:type\" content=\"article\" \/>\n<meta property=\"og:title\" content=\"DAN IN\u017dENJERA REPUBLIKE HRVATSKE - HUSZPO\" \/>\n<meta property=\"og:description\" content=\"Hrvatski in\u017eenjerski savez (HIS) je 2. o\u017eujka 2023. u Staroj gradskoj vije\u0107nici odr\u017eao tradicionalno obilje\u017eavanje Dana in\u017eenjera Republike Hrvatske. Skup je odr\u017ean u suradnji s Akademijom tehni\u010dkih znanosti Hrvatske, te pod pokroviteljstvom Ministarstva prostornoga ure\u0111enja, graditeljstva i dr\u017eavne imovine. HIS je dodijelio Priznanje Hrvatskoj udruzi stru\u010dnjaka za\u0161tite prirode i okoli\u0161a (HUSZPO) za izuzetna postignu\u0107a, za&hellip;&nbsp;Read More &raquo;DAN IN\u017dENJERA REPUBLIKE HRVATSKE\" \/>\n<meta property=\"og:url\" content=\"https:\/\/huszpo.hr\/en\/2023\/06\/27\/dan-inzenjera-republike-hrvatske\/\" \/>\n<meta property=\"og:site_name\" content=\"HUSZPO\" \/>\n<meta property=\"article:publisher\" content=\"https:\/\/www.facebook.com\/HUSZPO-107221977694653\" \/>\n<meta property=\"article:published_time\" content=\"2023-06-27T11:21:20+00:00\" \/>\n<meta property=\"article:modified_time\" content=\"2023-06-27T11:27:43+00:00\" \/>\n<meta property=\"og:image\" content=\"https:\/\/huszpo.hr\/wp-content\/uploads\/2022\/02\/Logo.png\" \/>\n\t<meta property=\"og:image:width\" content=\"350\" \/>\n\t<meta property=\"og:image:height\" content=\"350\" \/>\n\t<meta property=\"og:image:type\" content=\"image\/png\" \/>\n<meta name=\"author\" content=\"HUSZPO\" \/>\n<meta name=\"twitter:card\" content=\"summary_large_image\" \/>\n<meta name=\"twitter:creator\" content=\"@huszpo\" \/>\n<meta name=\"twitter:site\" content=\"@huszpo\" \/>\n<meta name=\"twitter:label1\" content=\"Written by\" \/>\n\t<meta name=\"twitter:data1\" content=\"HUSZPO\" \/>\n\t<meta name=\"twitter:label2\" content=\"Est. reading time\" \/>\n\t<meta name=\"twitter:data2\" content=\"1 minute\" \/>\n<script type=\"application\/ld+json\" class=\"yoast-schema-graph\">{\"@context\":\"https:\\\/\\\/schema.org\",\"@graph\":[{\"@type\":\"Article\",\"@id\":\"https:\\\/\\\/huszpo.hr\\\/2023\\\/06\\\/27\\\/dan-inzenjera-republike-hrvatske\\\/#article\",\"isPartOf\":{\"@id\":\"https:\\\/\\\/huszpo.hr\\\/2023\\\/06\\\/27\\\/dan-inzenjera-republike-hrvatske\\\/\"},\"author\":{\"name\":\"HUSZPO\",\"@id\":\"https:\\\/\\\/huszpo.hr\\\/#\\\/schema\\\/person\\\/b635ce19bb3bf536ff1762799c80b1bf\"},\"headline\":\"DAN IN\u017dENJERA REPUBLIKE HRVATSKE\",\"datePublished\":\"2023-06-27T11:21:20+00:00\",\"dateModified\":\"2023-06-27T11:27:43+00:00\",\"mainEntityOfPage\":{\"@id\":\"https:\\\/\\\/huszpo.hr\\\/2023\\\/06\\\/27\\\/dan-inzenjera-republike-hrvatske\\\/\"},\"wordCount\":100,\"publisher\":{\"@id\":\"https:\\\/\\\/huszpo.hr\\\/#organization\"},\"image\":{\"@id\":\"https:\\\/\\\/huszpo.hr\\\/2023\\\/06\\\/27\\\/dan-inzenjera-republike-hrvatske\\\/#primaryimage\"},\"thumbnailUrl\":\"https:\\\/\\\/huszpo.hr\\\/wp-content\\\/uploads\\\/2022\\\/02\\\/Logo.png\",\"articleSection\":[\"Nekategorizirano\",\"Obavijesti\"],\"inLanguage\":\"en-US\"},{\"@type\":\"WebPage\",\"@id\":\"https:\\\/\\\/huszpo.hr\\\/2023\\\/06\\\/27\\\/dan-inzenjera-republike-hrvatske\\\/\",\"url\":\"https:\\\/\\\/huszpo.hr\\\/2023\\\/06\\\/27\\\/dan-inzenjera-republike-hrvatske\\\/\",\"name\":\"DAN IN\u017dENJERA REPUBLIKE HRVATSKE - HUSZPO\",\"isPartOf\":{\"@id\":\"https:\\\/\\\/huszpo.hr\\\/#website\"},\"primaryImageOfPage\":{\"@id\":\"https:\\\/\\\/huszpo.hr\\\/2023\\\/06\\\/27\\\/dan-inzenjera-republike-hrvatske\\\/#primaryimage\"},\"image\":{\"@id\":\"https:\\\/\\\/huszpo.hr\\\/2023\\\/06\\\/27\\\/dan-inzenjera-republike-hrvatske\\\/#primaryimage\"},\"thumbnailUrl\":\"https:\\\/\\\/huszpo.hr\\\/wp-content\\\/uploads\\\/2022\\\/02\\\/Logo.png\",\"datePublished\":\"2023-06-27T11:21:20+00:00\",\"dateModified\":\"2023-06-27T11:27:43+00:00\",\"breadcrumb\":{\"@id\":\"https:\\\/\\\/huszpo.hr\\\/2023\\\/06\\\/27\\\/dan-inzenjera-republike-hrvatske\\\/#breadcrumb\"},\"inLanguage\":\"en-US\",\"potentialAction\":[{\"@type\":\"ReadAction\",\"target\":[\"https:\\\/\\\/huszpo.hr\\\/2023\\\/06\\\/27\\\/dan-inzenjera-republike-hrvatske\\\/\"]}]},{\"@type\":\"ImageObject\",\"inLanguage\":\"en-US\",\"@id\":\"https:\\\/\\\/huszpo.hr\\\/2023\\\/06\\\/27\\\/dan-inzenjera-republike-hrvatske\\\/#primaryimage\",\"url\":\"https:\\\/\\\/huszpo.hr\\\/wp-content\\\/uploads\\\/2022\\\/02\\\/Logo.png\",\"contentUrl\":\"https:\\\/\\\/huszpo.hr\\\/wp-content\\\/uploads\\\/2022\\\/02\\\/Logo.png\",\"width\":350,\"height\":350,\"caption\":\"HUSZPO\"},{\"@type\":\"BreadcrumbList\",\"@id\":\"https:\\\/\\\/huszpo.hr\\\/2023\\\/06\\\/27\\\/dan-inzenjera-republike-hrvatske\\\/#breadcrumb\",\"itemListElement\":[{\"@type\":\"ListItem\",\"position\":1,\"name\":\"Po\u010detna stranica\",\"item\":\"https:\\\/\\\/huszpo.hr\\\/\"},{\"@type\":\"ListItem\",\"position\":2,\"name\":\"DAN IN\u017dENJERA REPUBLIKE HRVATSKE\"}]},{\"@type\":\"WebSite\",\"@id\":\"https:\\\/\\\/huszpo.hr\\\/#website\",\"url\":\"https:\\\/\\\/huszpo.hr\\\/\",\"name\":\"HUSZPO\",\"description\":\"\",\"publisher\":{\"@id\":\"https:\\\/\\\/huszpo.hr\\\/#organization\"},\"potentialAction\":[{\"@type\":\"SearchAction\",\"target\":{\"@type\":\"EntryPoint\",\"urlTemplate\":\"https:\\\/\\\/huszpo.hr\\\/?s={search_term_string}\"},\"query-input\":{\"@type\":\"PropertyValueSpecification\",\"valueRequired\":true,\"valueName\":\"search_term_string\"}}],\"inLanguage\":\"en-US\"},{\"@type\":\"Organization\",\"@id\":\"https:\\\/\\\/huszpo.hr\\\/#organization\",\"name\":\"HUSZPO\",\"url\":\"https:\\\/\\\/huszpo.hr\\\/\",\"logo\":{\"@type\":\"ImageObject\",\"inLanguage\":\"en-US\",\"@id\":\"https:\\\/\\\/huszpo.hr\\\/#\\\/schema\\\/logo\\\/image\\\/\",\"url\":\"http:\\\/\\\/localhost\\\/wp-content\\\/uploads\\\/2020\\\/08\\\/vlxssa_O_400x400.jpg\",\"contentUrl\":\"http:\\\/\\\/localhost\\\/wp-content\\\/uploads\\\/2020\\\/08\\\/vlxssa_O_400x400.jpg\",\"width\":400,\"height\":400,\"caption\":\"HUSZPO\"},\"image\":{\"@id\":\"https:\\\/\\\/huszpo.hr\\\/#\\\/schema\\\/logo\\\/image\\\/\"},\"sameAs\":[\"https:\\\/\\\/www.facebook.com\\\/HUSZPO-107221977694653\",\"https:\\\/\\\/x.com\\\/huszpo\"]},{\"@type\":\"Person\",\"@id\":\"https:\\\/\\\/huszpo.hr\\\/#\\\/schema\\\/person\\\/b635ce19bb3bf536ff1762799c80b1bf\",\"name\":\"HUSZPO\",\"image\":{\"@type\":\"ImageObject\",\"inLanguage\":\"en-US\",\"@id\":\"https:\\\/\\\/secure.gravatar.com\\\/avatar\\\/0e1aab22654c6133bdbdbcad987c06412801507e3a9f7653a670af90bc14df2e?s=96&d=mm&r=g\",\"url\":\"https:\\\/\\\/secure.gravatar.com\\\/avatar\\\/0e1aab22654c6133bdbdbcad987c06412801507e3a9f7653a670af90bc14df2e?s=96&d=mm&r=g\",\"contentUrl\":\"https:\\\/\\\/secure.gravatar.com\\\/avatar\\\/0e1aab22654c6133bdbdbcad987c06412801507e3a9f7653a670af90bc14df2e?s=96&d=mm&r=g\",\"caption\":\"HUSZPO\"},\"sameAs\":[\"http:\\\/\\\/huszpo.hr\"]}]}<\/script>\n<!-- \/ Yoast SEO plugin. -->","yoast_head_json":{"title":"DAN IN\u017dENJERA REPUBLIKE HRVATSKE - HUSZPO","robots":{"index":"index","follow":"follow","max-snippet":"max-snippet:-1","max-image-preview":"max-image-preview:large","max-video-preview":"max-video-preview:-1"},"canonical":"https:\/\/huszpo.hr\/en\/2023\/06\/27\/dan-inzenjera-republike-hrvatske\/","og_locale":"en_US","og_type":"article","og_title":"DAN IN\u017dENJERA REPUBLIKE HRVATSKE - HUSZPO","og_description":"Hrvatski in\u017eenjerski savez (HIS) je 2. o\u017eujka 2023. u Staroj gradskoj vije\u0107nici odr\u017eao tradicionalno obilje\u017eavanje Dana in\u017eenjera Republike Hrvatske. Skup je odr\u017ean u suradnji s Akademijom tehni\u010dkih znanosti Hrvatske, te pod pokroviteljstvom Ministarstva prostornoga ure\u0111enja, graditeljstva i dr\u017eavne imovine. HIS je dodijelio Priznanje Hrvatskoj udruzi stru\u010dnjaka za\u0161tite prirode i okoli\u0161a (HUSZPO) za izuzetna postignu\u0107a, za&hellip;&nbsp;Read More &raquo;DAN IN\u017dENJERA REPUBLIKE HRVATSKE","og_url":"https:\/\/huszpo.hr\/en\/2023\/06\/27\/dan-inzenjera-republike-hrvatske\/","og_site_name":"HUSZPO","article_publisher":"https:\/\/www.facebook.com\/HUSZPO-107221977694653","article_published_time":"2023-06-27T11:21:20+00:00","article_modified_time":"2023-06-27T11:27:43+00:00","og_image":[{"width":350,"height":350,"url":"https:\/\/huszpo.hr\/wp-content\/uploads\/2022\/02\/Logo.png","type":"image\/png"}],"author":"HUSZPO","twitter_card":"summary_large_image","twitter_creator":"@huszpo","twitter_site":"@huszpo","twitter_misc":{"Written by":"HUSZPO","Est. reading time":"1 minute"},"schema":{"@context":"https:\/\/schema.org","@graph":[{"@type":"Article","@id":"https:\/\/huszpo.hr\/2023\/06\/27\/dan-inzenjera-republike-hrvatske\/#article","isPartOf":{"@id":"https:\/\/huszpo.hr\/2023\/06\/27\/dan-inzenjera-republike-hrvatske\/"},"author":{"name":"HUSZPO","@id":"https:\/\/huszpo.hr\/#\/schema\/person\/b635ce19bb3bf536ff1762799c80b1bf"},"headline":"DAN IN\u017dENJERA REPUBLIKE HRVATSKE","datePublished":"2023-06-27T11:21:20+00:00","dateModified":"2023-06-27T11:27:43+00:00","mainEntityOfPage":{"@id":"https:\/\/huszpo.hr\/2023\/06\/27\/dan-inzenjera-republike-hrvatske\/"},"wordCount":100,"publisher":{"@id":"https:\/\/huszpo.hr\/#organization"},"image":{"@id":"https:\/\/huszpo.hr\/2023\/06\/27\/dan-inzenjera-republike-hrvatske\/#primaryimage"},"thumbnailUrl":"https:\/\/huszpo.hr\/wp-content\/uploads\/2022\/02\/Logo.png","articleSection":["Nekategorizirano","Obavijesti"],"inLanguage":"en-US"},{"@type":"WebPage","@id":"https:\/\/huszpo.hr\/2023\/06\/27\/dan-inzenjera-republike-hrvatske\/","url":"https:\/\/huszpo.hr\/2023\/06\/27\/dan-inzenjera-republike-hrvatske\/","name":"DAN IN\u017dENJERA REPUBLIKE HRVATSKE - HUSZPO","isPartOf":{"@id":"https:\/\/huszpo.hr\/#website"},"primaryImageOfPage":{"@id":"https:\/\/huszpo.hr\/2023\/06\/27\/dan-inzenjera-republike-hrvatske\/#primaryimage"},"image":{"@id":"https:\/\/huszpo.hr\/2023\/06\/27\/dan-inzenjera-republike-hrvatske\/#primaryimage"},"thumbnailUrl":"https:\/\/huszpo.hr\/wp-content\/uploads\/2022\/02\/Logo.png","datePublished":"2023-06-27T11:21:20+00:00","dateModified":"2023-06-27T11:27:43+00:00","breadcrumb":{"@id":"https:\/\/huszpo.hr\/2023\/06\/27\/dan-inzenjera-republike-hrvatske\/#breadcrumb"},"inLanguage":"en-US","potentialAction":[{"@type":"ReadAction","target":["https:\/\/huszpo.hr\/2023\/06\/27\/dan-inzenjera-republike-hrvatske\/"]}]},{"@type":"ImageObject","inLanguage":"en-US","@id":"https:\/\/huszpo.hr\/2023\/06\/27\/dan-inzenjera-republike-hrvatske\/#primaryimage","url":"https:\/\/huszpo.hr\/wp-content\/uploads\/2022\/02\/Logo.png","contentUrl":"https:\/\/huszpo.hr\/wp-content\/uploads\/2022\/02\/Logo.png","width":350,"height":350,"caption":"HUSZPO"},{"@type":"BreadcrumbList","@id":"https:\/\/huszpo.hr\/2023\/06\/27\/dan-inzenjera-republike-hrvatske\/#breadcrumb","itemListElement":[{"@type":"ListItem","position":1,"name":"Po\u010detna stranica","item":"https:\/\/huszpo.hr\/"},{"@type":"ListItem","position":2,"name":"DAN IN\u017dENJERA REPUBLIKE HRVATSKE"}]},{"@type":"WebSite","@id":"https:\/\/huszpo.hr\/#website","url":"https:\/\/huszpo.hr\/","name":"HUSZPO","description":"","publisher":{"@id":"https:\/\/huszpo.hr\/#organization"},"potentialAction":[{"@type":"SearchAction","target":{"@type":"EntryPoint","urlTemplate":"https:\/\/huszpo.hr\/?s={search_term_string}"},"query-input":{"@type":"PropertyValueSpecification","valueRequired":true,"valueName":"search_term_string"}}],"inLanguage":"en-US"},{"@type":"Organization","@id":"https:\/\/huszpo.hr\/#organization","name":"HUSZPO","url":"https:\/\/huszpo.hr\/","logo":{"@type":"ImageObject","inLanguage":"en-US","@id":"https:\/\/huszpo.hr\/#\/schema\/logo\/image\/","url":"http:\/\/localhost\/wp-content\/uploads\/2020\/08\/vlxssa_O_400x400.jpg","contentUrl":"http:\/\/localhost\/wp-content\/uploads\/2020\/08\/vlxssa_O_400x400.jpg","width":400,"height":400,"caption":"HUSZPO"},"image":{"@id":"https:\/\/huszpo.hr\/#\/schema\/logo\/image\/"},"sameAs":["https:\/\/www.facebook.com\/HUSZPO-107221977694653","https:\/\/x.com\/huszpo"]},{"@type":"Person","@id":"https:\/\/huszpo.hr\/#\/schema\/person\/b635ce19bb3bf536ff1762799c80b1bf","name":"HUSZPO","image":{"@type":"ImageObject","inLanguage":"en-US","@id":"https:\/\/secure.gravatar.com\/avatar\/0e1aab22654c6133bdbdbcad987c06412801507e3a9f7653a670af90bc14df2e?s=96&d=mm&r=g","url":"https:\/\/secure.gravatar.com\/avatar\/0e1aab22654c6133bdbdbcad987c06412801507e3a9f7653a670af90bc14df2e?s=96&d=mm&r=g","contentUrl":"https:\/\/secure.gravatar.com\/avatar\/0e1aab22654c6133bdbdbcad987c06412801507e3a9f7653a670af90bc14df2e?s=96&d=mm&r=g","caption":"HUSZPO"},"sameAs":["http:\/\/huszpo.hr"]}]}},"uagb_featured_image_src":{"full":["https:\/\/huszpo.hr\/wp-content\/uploads\/2022\/02\/Logo.png",350,350,false],"thumbnail":["https:\/\/huszpo.hr\/wp-content\/uploads\/2022\/02\/Logo-150x150.png",150,150,true],"medium":["https:\/\/huszpo.hr\/wp-content\/uploads\/2022\/02\/Logo-300x300.png",300,300,true],"medium_large":["https:\/\/huszpo.hr\/wp-content\/uploads\/2022\/02\/Logo.png",350,350,false],"large":["https:\/\/huszpo.hr\/wp-content\/uploads\/2022\/02\/Logo.png",350,350,false],"xl":["https:\/\/huszpo.hr\/wp-content\/uploads\/2022\/02\/Logo.png",350,350,false],"xxl":["https:\/\/huszpo.hr\/wp-content\/uploads\/2022\/02\/Logo.png",350,350,false],"xxxl":["https:\/\/huszpo.hr\/wp-content\/uploads\/2022\/02\/Logo.png",350,350,false],"xxxxl":["https:\/\/huszpo.hr\/wp-content\/uploads\/2022\/02\/Logo.png",350,350,false],"xxxxxl":["https:\/\/huszpo.hr\/wp-content\/uploads\/2022\/02\/Logo.png",350,350,false],"1536x1536":["https:\/\/huszpo.hr\/wp-content\/uploads\/2022\/02\/Logo.png",350,350,false],"2048x2048":["https:\/\/huszpo.hr\/wp-content\/uploads\/2022\/02\/Logo.png",350,350,false],"trp-custom-language-flag":["https:\/\/huszpo.hr\/wp-content\/uploads\/2022\/02\/Logo.png",12,12,false],"neve-blog":["https:\/\/huszpo.hr\/wp-content\/uploads\/2022\/02\/Logo.png",350,350,false]},"uagb_author_info":{"display_name":"HUSZPO","author_link":"https:\/\/huszpo.hr\/en\/author\/huszpo_admin\/"},"uagb_comment_info":0,"uagb_excerpt":"Hrvatski in\u017eenjerski savez (HIS) je 2. o\u017eujka 2023. u Staroj gradskoj vije\u0107nici odr\u017eao tradicionalno obilje\u017eavanje Dana in\u017eenjera Republike Hrvatske. Skup je odr\u017ean u suradnji s Akademijom tehni\u010dkih znanosti Hrvatske, te pod pokroviteljstvom Ministarstva prostornoga ure\u0111enja, graditeljstva i dr\u017eavne imovine. HIS je dodijelio Priznanje Hrvatskoj udruzi stru\u010dnjaka za\u0161tite prirode i okoli\u0161a (HUSZPO) za izuzetna postignu\u0107a, za&hellip;&nbsp;Read&hellip;","_links":{"self":[{"href":"https:\/\/huszpo.hr\/en\/wp-json\/wp\/v2\/posts\/2414","targetHints":{"allow":["GET"]}}],"collection":[{"href":"https:\/\/huszpo.hr\/en\/wp-json\/wp\/v2\/posts"}],"about":[{"href":"https:\/\/huszpo.hr\/en\/wp-json\/wp\/v2\/types\/post"}],"author":[{"embeddable":true,"href":"https:\/\/huszpo.hr\/en\/wp-json\/wp\/v2\/users\/1"}],"replies":[{"embeddable":true,"href":"https:\/\/huszpo.hr\/en\/wp-json\/wp\/v2\/comments?post=2414"}],"version-history":[{"count":3,"href":"https:\/\/huszpo.hr\/en\/wp-json\/wp\/v2\/posts\/2414\/revisions"}],"predecessor-version":[{"id":2420,"href":"https:\/\/huszpo.hr\/en\/wp-json\/wp\/v2\/posts\/2414\/revisions\/2420"}],"wp:featuredmedia":[{"embeddable":true,"href":"https:\/\/huszpo.hr\/en\/wp-json\/wp\/v2\/media\/1919"}],"wp:attachment":[{"href":"https:\/\/huszpo.hr\/en\/wp-json\/wp\/v2\/media?parent=2414"}],"wp:term":[{"taxonomy":"category","embeddable":true,"href":"https:\/\/huszpo.hr\/en\/wp-json\/wp\/v2\/categories?post=2414"},{"taxonomy":"post_tag","embeddable":true,"href":"https:\/\/huszpo.hr\/en\/wp-json\/wp\/v2\/tags?post=2414"}],"curies":[{"name":"wp","href":"https:\/\/api.w.org\/{rel}","templated":true}]}}